{"id":2692,"date":"2019-07-30T11:25:57","date_gmt":"2019-07-30T14:25:57","guid":{"rendered":"https:\/\/sinpes.org.br\/site\/?p=2692"},"modified":"2019-07-30T11:25:57","modified_gmt":"2019-07-30T14:25:57","slug":"sinpes-e-fesp-reunem-se-para-viabilizar-proposta-de-acordo","status":"publish","type":"post","link":"https:\/\/sinpes.org.br\/site\/sinpes-e-fesp-reunem-se-para-viabilizar-proposta-de-acordo\/","title":{"rendered":"Sinpes e Fesp re\u00fanem-se para viabilizar proposta de acordo"},"content":{"rendered":"<p><a href=\"https:\/\/sinpes.org.br\/site\/wp-content\/uploads\/2019\/07\/WhatsApp-Image-2019-07-30-at-11.21.05.jpeg\"><img loading=\"lazy\" decoding=\"async\" class=\"aligncenter  wp-image-2693\" src=\"https:\/\/sinpes.org.br\/site\/wp-content\/uploads\/2019\/07\/WhatsApp-Image-2019-07-30-at-11.21.05.jpeg\" alt=\"\" width=\"645\" height=\"484\" srcset=\"https:\/\/sinpes.org.br\/site\/wp-content\/uploads\/2019\/07\/WhatsApp-Image-2019-07-30-at-11.21.05.jpeg 1280w, https:\/\/sinpes.org.br\/site\/wp-content\/uploads\/2019\/07\/WhatsApp-Image-2019-07-30-at-11.21.05-300x225.jpeg 300w, https:\/\/sinpes.org.br\/site\/wp-content\/uploads\/2019\/07\/WhatsApp-Image-2019-07-30-at-11.21.05-768x576.jpeg 768w, https:\/\/sinpes.org.br\/site\/wp-content\/uploads\/2019\/07\/WhatsApp-Image-2019-07-30-at-11.21.05-1024x768.jpeg 1024w\" sizes=\"auto, (max-width: 645px) 100vw, 645px\" \/><\/a><\/p>\n<p>No \u00faltimo dia 26\/07 foi realizada reuni\u00e3o para discutir a celebra\u00e7\u00e3o de acordo entre o Sinpes, na qualidade de representante dos professores da FESP e Funda\u00e7\u00e3o de Educa\u00e7\u00e3o Superior do Paran\u00e1\u00a0(Fesp), voltado para reduzir custos na institui\u00e7\u00e3o e normalizar o pagamento do sal\u00e1rio dos professores, que vem recebendo apenas 50% do que lhes \u00e9 devido. Compareceram dirigentes do sindicato e o presidente da Fesp, Professor Gilson Bonato.<\/p>\n<p>Os professores propuseram entre outras medidas, a manuten\u00e7\u00e3o de apenas um cargo de diretoria, a diminui\u00e7\u00e3o dos sal\u00e1rios de coordenadores, a rescis\u00e3o de contrato de trabalho com professores que n\u00e3o est\u00e3o lecionando na Institui\u00e7\u00e3o, mas que permanecem recebendo sal\u00e1rio, assim como a redu\u00e7\u00e3o linear da remunera\u00e7\u00e3o dos professores no percentual de 5% com ressarcimento dos valores reduzidos ap\u00f3s a vig\u00eancia do acordo.<\/p>\n<p>Na reuni\u00e3o, o presidente da Fesp, Gilson Bonato insistiu na necessidade de redu\u00e7\u00e3o linear da remunera\u00e7\u00e3o em 30% e lamentou que estaria sendo feito uso indevido das informa\u00e7\u00f5es salarias repassadas ao Sinpes por alguns professores que estariam fazendo \u201cdiscursos de corredor\u201d protestando contra a defasagem salarial entre professores com mesma titula\u00e7\u00e3o. O presidente do Sinpes, Valdyr Perrini solicitou o nome dos que estariam assim procedendo para intervir junto a esses docentes a fim de que n\u00e3o fa\u00e7am mau uso das informa\u00e7\u00f5es prestadas. Por outro lado, destacou que \u00e9 imprescind\u00edvel para que se possa chegar a uma solu\u00e7\u00e3o para o imbr\u00f3glio a mais completa transpar\u00eancia dos dados. Somente conhecendo a realidade salarial da FESP e tendo convic\u00e7\u00e3o da elimina\u00e7\u00e3o de privil\u00e9gios ainda remanescentes \u00e9 que os professores teriam condi\u00e7\u00f5es de cortar a pr\u00f3pria carne, admitindo a redu\u00e7\u00e3o dos seus sal\u00e1rios.<\/p>\n<p>A boa not\u00edcia trazida para a mesa das negocia\u00e7\u00f5es foi a renegocia\u00e7\u00e3o da d\u00edvida da FESP com o Brasdesco, com redu\u00e7\u00e3o significativa da parcela mensal repassada para aquela institui\u00e7\u00e3o financeira.<\/p>\n<p>Al\u00e9m disso, em face da inten\u00e7\u00e3o de sa\u00edda de alguns professores antigos com sal\u00e1rios maiores (que est\u00e3o aguardando acordo entre as partes que regulamente o pagamento das verbas rescis\u00f3rias) e a necessidade de alguns professores antigos licenciarem-se por tempo indeterminado e por motivos de sa\u00fade, as partes optaram por refazer suas contas e designaram nova reuni\u00e3o para quarta-feira, dia 31.07.2019, em que v\u00e3o tentar aproximar as suas propostas.<\/p>\n<p>Conclu\u00edda essa fase da negocia\u00e7\u00e3o, o Sinpes convocar\u00e1 assembleia geral da categoria, que \u00e9 soberana para aperfei\u00e7oar a minuta consensualmente estabelecida. Id\u00eantico procedimento ser\u00e1 observado pela FESP, com a convoca\u00e7\u00e3o do Conselho Superior e consulta ao Minist\u00e9rio P\u00fablico Estadual.<\/p>\n<p>&nbsp;<\/p>\n<p>&nbsp;<\/p>\n<p>&nbsp;<\/p>\n<!-- AddThis Advanced Settings generic via filter on the_content --><!-- AddThis Share Buttons generic via filter on the_content -->","protected":false},"excerpt":{"rendered":"<p>No \u00faltimo dia 26\/07 foi realizada reuni\u00e3o para discutir a celebra\u00e7\u00e3o de acordo entre o Sinpes, na qualidade de representante dos professores da FESP e Funda\u00e7\u00e3o de Educa\u00e7\u00e3o Superior do Paran\u00e1\u00a0(Fesp), voltado para reduzir custos na institui\u00e7\u00e3o e normalizar o pagamento do sal\u00e1rio dos professores, que vem recebendo apenas 50% do que lhes \u00e9 devido. [&hellip;]<!-- AddThis Advanced Settings generic via filter on wp_trim_excerpt --><!-- AddThis Share Buttons generic via filter on wp_trim_excerpt --><\/p>\n","protected":false},"author":3,"featured_media":2693,"comment_status":"closed","ping_status":"open","sticky":false,"template":"","format":"standard","meta":{"footnotes":""},"categories":[7,18],"tags":[39,344,364,371],"class_list":["post-2692","post","type-post","status-publish","format-standard","has-post-thumbnail","hentry","category-arquivo-de-noticias","category-destaque","tag-acordo","tag-fesp","tag-reuniao","tag-salarios"],"_links":{"self":[{"href":"https:\/\/sinpes.org.br\/site\/wp-json\/wp\/v2\/posts\/2692","targetHints":{"allow":["GET"]}}],"collection":[{"href":"https:\/\/sinpes.org.br\/site\/wp-json\/wp\/v2\/posts"}],"about":[{"href":"https:\/\/sinpes.org.br\/site\/wp-json\/wp\/v2\/types\/post"}],"author":[{"embeddable":true,"href":"https:\/\/sinpes.org.br\/site\/wp-json\/wp\/v2\/users\/3"}],"replies":[{"embeddable":true,"href":"https:\/\/sinpes.org.br\/site\/wp-json\/wp\/v2\/comments?post=2692"}],"version-history":[{"count":1,"href":"https:\/\/sinpes.org.br\/site\/wp-json\/wp\/v2\/posts\/2692\/revisions"}],"predecessor-version":[{"id":2694,"href":"https:\/\/sinpes.org.br\/site\/wp-json\/wp\/v2\/posts\/2692\/revisions\/2694"}],"wp:featuredmedia":[{"embeddable":true,"href":"https:\/\/sinpes.org.br\/site\/wp-json\/wp\/v2\/media\/2693"}],"wp:attachment":[{"href":"https:\/\/sinpes.org.br\/site\/wp-json\/wp\/v2\/media?parent=2692"}],"wp:term":[{"taxonomy":"category","embeddable":true,"href":"https:\/\/sinpes.org.br\/site\/wp-json\/wp\/v2\/categories?post=2692"},{"taxonomy":"post_tag","embeddable":true,"href":"https:\/\/sinpes.org.br\/site\/wp-json\/wp\/v2\/tags?post=2692"}],"curies":[{"name":"wp","href":"https:\/\/api.w.org\/{rel}","templated":true}]}}