{"id":2688,"date":"2019-07-30T09:26:15","date_gmt":"2019-07-30T12:26:15","guid":{"rendered":"https:\/\/sinpes.org.br\/site\/?p=2688"},"modified":"2019-07-30T09:26:15","modified_gmt":"2019-07-30T12:26:15","slug":"universidade-tuiuti-parcelas-do-acordo-judicial-do-fgts-serao-pagas-nos-dias-15","status":"publish","type":"post","link":"https:\/\/sinpes.org.br\/site\/universidade-tuiuti-parcelas-do-acordo-judicial-do-fgts-serao-pagas-nos-dias-15\/","title":{"rendered":"Universidade Tuiuti: parcelas do acordo judicial do FGTS ser\u00e3o pagas nos dias 15"},"content":{"rendered":"<p>&nbsp;<\/p>\n<p><a href=\"https:\/\/sinpes.org.br\/site\/wp-content\/uploads\/2019\/07\/Universidade-Tuiuti_-parcelas-do-acordo-judicial-do-FGTS-ser\u00e3o-pagas-nos-dias-15.jpg\"><img loading=\"lazy\" decoding=\"async\" class=\"aligncenter  wp-image-2689\" src=\"https:\/\/sinpes.org.br\/site\/wp-content\/uploads\/2019\/07\/Universidade-Tuiuti_-parcelas-do-acordo-judicial-do-FGTS-ser\u00e3o-pagas-nos-dias-15.jpg\" alt=\"\" width=\"575\" height=\"482\" srcset=\"https:\/\/sinpes.org.br\/site\/wp-content\/uploads\/2019\/07\/Universidade-Tuiuti_-parcelas-do-acordo-judicial-do-FGTS-ser\u00e3o-pagas-nos-dias-15.jpg 940w, https:\/\/sinpes.org.br\/site\/wp-content\/uploads\/2019\/07\/Universidade-Tuiuti_-parcelas-do-acordo-judicial-do-FGTS-ser\u00e3o-pagas-nos-dias-15-300x251.jpg 300w, https:\/\/sinpes.org.br\/site\/wp-content\/uploads\/2019\/07\/Universidade-Tuiuti_-parcelas-do-acordo-judicial-do-FGTS-ser\u00e3o-pagas-nos-dias-15-768x644.jpg 768w\" sizes=\"auto, (max-width: 575px) 100vw, 575px\" \/><\/a><\/p>\n<p>A Universidade Tuiuti do Paran\u00e1 e o Sinpes far\u00e3o \u00a0pequeno aditamento ao acordo judicial que estabelece pagamento mensal dos dep\u00f3sitos devidos a t\u00edtulo de FGTS. Isto porque no primeiro dia de cada m\u00eas, data originalmente prevista para os dep\u00f3sitos, a CEF ainda n\u00e3o emitiu o \u00edndice que devem ser observados para que o pagamento seja corretamente atualizado.<\/p>\n<p>Os pagamentos come\u00e7am j\u00e1 no pr\u00f3ximo dia 15 de agosto e s\u00e3o decorrentes de a\u00e7\u00e3o coletiva ajuizada pelo Sinpes como substituto processual dos professores da Tuiuti, pleiteando pagamento de dep\u00f3sitos do FGTS em atraso. Ap\u00f3s longo tr\u00e2mite processual a decis\u00e3o que acolheu o pedido transitou em julgado e as partes compuseram acordo para disciplinar a forma de pagamento dos valores devidos, aprovada pela assembleia geral dos professores da Tuiuti.<\/p>\n<p>&nbsp;<\/p>\n<!-- AddThis Advanced Settings generic via filter on the_content --><!-- AddThis Share Buttons generic via filter on the_content -->","protected":false},"excerpt":{"rendered":"<p>&nbsp; A Universidade Tuiuti do Paran\u00e1 e o Sinpes far\u00e3o \u00a0pequeno aditamento ao acordo judicial que estabelece pagamento mensal dos dep\u00f3sitos devidos a t\u00edtulo de FGTS. Isto porque no primeiro dia de cada m\u00eas, data originalmente prevista para os dep\u00f3sitos, a CEF ainda n\u00e3o emitiu o \u00edndice que devem ser observados para que o pagamento [&hellip;]<!-- AddThis Advanced Settings generic via filter on wp_trim_excerpt --><!-- AddThis Share Buttons generic via filter on wp_trim_excerpt --><\/p>\n","protected":false},"author":3,"featured_media":2689,"comment_status":"closed","ping_status":"open","sticky":false,"template":"","format":"standard","meta":{"footnotes":""},"categories":[7,18,12],"tags":[43,168,376,22,174],"class_list":["post-2688","post","type-post","status-publish","format-standard","has-post-thumbnail","hentry","category-arquivo-de-noticias","category-destaque","category-tuiuti","tag-acoes","tag-fgts","tag-pagamento","tag-professores","tag-tuiuti"],"_links":{"self":[{"href":"https:\/\/sinpes.org.br\/site\/wp-json\/wp\/v2\/posts\/2688","targetHints":{"allow":["GET"]}}],"collection":[{"href":"https:\/\/sinpes.org.br\/site\/wp-json\/wp\/v2\/posts"}],"about":[{"href":"https:\/\/sinpes.org.br\/site\/wp-json\/wp\/v2\/types\/post"}],"author":[{"embeddable":true,"href":"https:\/\/sinpes.org.br\/site\/wp-json\/wp\/v2\/users\/3"}],"replies":[{"embeddable":true,"href":"https:\/\/sinpes.org.br\/site\/wp-json\/wp\/v2\/comments?post=2688"}],"version-history":[{"count":1,"href":"https:\/\/sinpes.org.br\/site\/wp-json\/wp\/v2\/posts\/2688\/revisions"}],"predecessor-version":[{"id":2690,"href":"https:\/\/sinpes.org.br\/site\/wp-json\/wp\/v2\/posts\/2688\/revisions\/2690"}],"wp:featuredmedia":[{"embeddable":true,"href":"https:\/\/sinpes.org.br\/site\/wp-json\/wp\/v2\/media\/2689"}],"wp:attachment":[{"href":"https:\/\/sinpes.org.br\/site\/wp-json\/wp\/v2\/media?parent=2688"}],"wp:term":[{"taxonomy":"category","embeddable":true,"href":"https:\/\/sinpes.org.br\/site\/wp-json\/wp\/v2\/categories?post=2688"},{"taxonomy":"post_tag","embeddable":true,"href":"https:\/\/sinpes.org.br\/site\/wp-json\/wp\/v2\/tags?post=2688"}],"curies":[{"name":"wp","href":"https:\/\/api.w.org\/{rel}","templated":true}]}}