{"id":2679,"date":"2019-07-22T12:08:42","date_gmt":"2019-07-22T15:08:42","guid":{"rendered":"https:\/\/sinpes.org.br\/site\/?p=2679"},"modified":"2019-07-22T13:22:11","modified_gmt":"2019-07-22T16:22:11","slug":"universidade-positivo-continua-sua-saga-de-demissoes","status":"publish","type":"post","link":"https:\/\/sinpes.org.br\/site\/universidade-positivo-continua-sua-saga-de-demissoes\/","title":{"rendered":"Universidade Positivo continua sua saga de demiss\u00f5es"},"content":{"rendered":"<p><a href=\"https:\/\/sinpes.org.br\/site\/wp-content\/uploads\/2019\/07\/Universidade-Positivo-continua-sua-saga-de-demiss\u00f5es.jpg\"><img loading=\"lazy\" decoding=\"async\" class=\"aligncenter wp-image-2680\" src=\"https:\/\/sinpes.org.br\/site\/wp-content\/uploads\/2019\/07\/Universidade-Positivo-continua-sua-saga-de-demiss\u00f5es.jpg\" alt=\"\" width=\"640\" height=\"537\" srcset=\"https:\/\/sinpes.org.br\/site\/wp-content\/uploads\/2019\/07\/Universidade-Positivo-continua-sua-saga-de-demiss\u00f5es.jpg 940w, https:\/\/sinpes.org.br\/site\/wp-content\/uploads\/2019\/07\/Universidade-Positivo-continua-sua-saga-de-demiss\u00f5es-300x251.jpg 300w, https:\/\/sinpes.org.br\/site\/wp-content\/uploads\/2019\/07\/Universidade-Positivo-continua-sua-saga-de-demiss\u00f5es-768x644.jpg 768w\" sizes=\"auto, (max-width: 640px) 100vw, 640px\" \/><\/a><\/p>\n<p>O Sinpes recebeu a informa\u00e7\u00e3o de que a Universidade Positivo teria demitido v\u00e1rios professores no final do primeiro semestre letivo de 2019. A denunciante, que preferiu n\u00e3o se identificar, ressalta que h\u00e1 duas semanas os desligamentos acontecem na universidade, o que tem gerado grande apreens\u00e3o entre os professores e prejudicado a produ\u00e7\u00e3o do Trabalho de Conclus\u00e3o de Curso (TCC) de diversos alunos.<\/p>\n<p>Nas redes sociais existem diversos pronunciamentos de alunos nesse mesmo sentido, o que confirma a veracidade da den\u00fancia.<\/p>\n<p>No curso de Pedagogia tr\u00eas docentes teriam sido demitidos. J\u00e1 na Escola de Neg\u00f3cios mais tr\u00eas professores perderam o emprego. As demiss\u00f5es geraram um sentimento de inseguran\u00e7a nos outros professores da universidade e revolta em muitos alunos que perderam os orientadores de seus TCCs.<\/p>\n<p>Entre os demitidos est\u00e3o, segundo a den\u00fancia, quatro doutores, o que certamente representa perda de qualidade no corpo docente da Universidade Positivo.<\/p>\n<p>Para piorar as coisas muitos professores come\u00e7aram o segundo semestre trabalhando por meio de \u201cCarta Convite\u201d, uma forma fraudulenta de fazer parecer que a carga hor\u00e1ria n\u00e3o integra o patrim\u00f4nio do professor, pois ele \u00e9 contratado para um n\u00famero definido de aulas no semestre ou no m\u00f3dulo, como se fosse um contrato por prazo determinado. Ao fim do m\u00f3dulo ou semestre ele recebe outra \u201ccarta\u201d reduzindo ou aumentando a carga hor\u00e1ria ao bel prazer do empregador.<\/p>\n<p>No m\u00eas de abril deste ano, cerca de 30 professores teriam sido demitidos da Universidade Positivo. Entre os profissionais estariam diversos coordenadores de curso. Ainda, segundo a den\u00fancia recebida, a UP passou a exigir das coordena\u00e7\u00f5es o angariamento de alunos para a abertura de turmas, o que caracteriza claro desvio de fun\u00e7\u00e3o.<\/p>\n<p>Assim, ainda antes do termino do primeiro semestre, o clima nos corredores da Universidade j\u00e1 era de grande tens\u00e3o. Al\u00e9m das demiss\u00f5es, os docentes da UP enfrentam outros problemas como salas superlotadas (com mais de 80 alunos) e pontos de registro funcionando irregularmente, o que gera preju\u00edzo no recebimento do adicional noturno (j\u00e1 que as horas extras por tradi\u00e7\u00e3o n\u00e3o costumam ser pagas).<\/p>\n<p>O Sinpes aguarda libera\u00e7\u00e3o da agenda do Reitor Pio Martins para apresentar pessoalmente a apreens\u00e3o do corpo docente em face dessas irregularidades, que se acentuaram depois da elei\u00e7\u00e3o de Oriovisto Guimar\u00e3es para o Senado da Rep\u00fablica.<\/p>\n<p>&nbsp;<\/p>\n<!-- AddThis Advanced Settings generic via filter on the_content --><!-- AddThis Share Buttons generic via filter on the_content -->","protected":false},"excerpt":{"rendered":"<p>O Sinpes recebeu a informa\u00e7\u00e3o de que a Universidade Positivo teria demitido v\u00e1rios professores no final do primeiro semestre letivo de 2019. A denunciante, que preferiu n\u00e3o se identificar, ressalta que h\u00e1 duas semanas os desligamentos acontecem na universidade, o que tem gerado grande apreens\u00e3o entre os professores e prejudicado a produ\u00e7\u00e3o do Trabalho de [&hellip;]<!-- AddThis Advanced Settings generic via filter on wp_trim_excerpt --><!-- AddThis Share Buttons generic via filter on wp_trim_excerpt --><\/p>\n","protected":false},"author":3,"featured_media":2680,"comment_status":"closed","ping_status":"open","sticky":false,"template":"","format":"standard","meta":{"footnotes":""},"categories":[7,18,175],"tags":[35,22,62,198],"class_list":["post-2679","post","type-post","status-publish","format-standard","has-post-thumbnail","hentry","category-arquivo-de-noticias","category-destaque","category-positivo","tag-demissao","tag-professores","tag-sinpes","tag-universidade-positivo"],"_links":{"self":[{"href":"https:\/\/sinpes.org.br\/site\/wp-json\/wp\/v2\/posts\/2679","targetHints":{"allow":["GET"]}}],"collection":[{"href":"https:\/\/sinpes.org.br\/site\/wp-json\/wp\/v2\/posts"}],"about":[{"href":"https:\/\/sinpes.org.br\/site\/wp-json\/wp\/v2\/types\/post"}],"author":[{"embeddable":true,"href":"https:\/\/sinpes.org.br\/site\/wp-json\/wp\/v2\/users\/3"}],"replies":[{"embeddable":true,"href":"https:\/\/sinpes.org.br\/site\/wp-json\/wp\/v2\/comments?post=2679"}],"version-history":[{"count":2,"href":"https:\/\/sinpes.org.br\/site\/wp-json\/wp\/v2\/posts\/2679\/revisions"}],"predecessor-version":[{"id":2682,"href":"https:\/\/sinpes.org.br\/site\/wp-json\/wp\/v2\/posts\/2679\/revisions\/2682"}],"wp:featuredmedia":[{"embeddable":true,"href":"https:\/\/sinpes.org.br\/site\/wp-json\/wp\/v2\/media\/2680"}],"wp:attachment":[{"href":"https:\/\/sinpes.org.br\/site\/wp-json\/wp\/v2\/media?parent=2679"}],"wp:term":[{"taxonomy":"category","embeddable":true,"href":"https:\/\/sinpes.org.br\/site\/wp-json\/wp\/v2\/categories?post=2679"},{"taxonomy":"post_tag","embeddable":true,"href":"https:\/\/sinpes.org.br\/site\/wp-json\/wp\/v2\/tags?post=2679"}],"curies":[{"name":"wp","href":"https:\/\/api.w.org\/{rel}","templated":true}]}}