{"id":2676,"date":"2019-07-22T11:24:36","date_gmt":"2019-07-22T14:24:36","guid":{"rendered":"https:\/\/sinpes.org.br\/site\/?p=2676"},"modified":"2019-09-20T11:23:44","modified_gmt":"2019-09-20T14:23:44","slug":"sinpes-protocola-pedido-de-mediacao-de-conflitos-coletivos-para-garantir-direitos-de-professores-demitidos-no-unibrasil","status":"publish","type":"post","link":"https:\/\/sinpes.org.br\/site\/sinpes-protocola-pedido-de-mediacao-de-conflitos-coletivos-para-garantir-direitos-de-professores-demitidos-no-unibrasil\/","title":{"rendered":"Sinpes protocola Pedido de Media\u00e7\u00e3o de Conflitos Coletivos para garantir direitos de professores demitidos no Unibrasil"},"content":{"rendered":"<p><a href=\"https:\/\/sinpes.org.br\/site\/wp-content\/uploads\/2019\/07\/67697559_2542346925775291_4864345698771927040_n.jpg\"><img loading=\"lazy\" decoding=\"async\" class=\"aligncenter wp-image-2677\" src=\"https:\/\/sinpes.org.br\/site\/wp-content\/uploads\/2019\/07\/67697559_2542346925775291_4864345698771927040_n.jpg\" alt=\"\" width=\"641\" height=\"538\" srcset=\"https:\/\/sinpes.org.br\/site\/wp-content\/uploads\/2019\/07\/67697559_2542346925775291_4864345698771927040_n.jpg 940w, https:\/\/sinpes.org.br\/site\/wp-content\/uploads\/2019\/07\/67697559_2542346925775291_4864345698771927040_n-300x251.jpg 300w, https:\/\/sinpes.org.br\/site\/wp-content\/uploads\/2019\/07\/67697559_2542346925775291_4864345698771927040_n-768x644.jpg 768w\" sizes=\"auto, (max-width: 641px) 100vw, 641px\" \/><\/a><\/p>\n<p>O Sinpes protocolou um Pedido de Media\u00e7\u00e3o de Conflitos no Minist\u00e9rio P\u00fablico do Trabalho. A iniciativa decorreu da demiss\u00e3o em massa realizada pelo Centro Aut\u00f4nomo Universit\u00e1rio do Brasil \u2013 Unibrasil. A institui\u00e7\u00e3o demitiu, ao final do primeiro semestre letivo de 2019, 32 professores. Se somados os dois \u00faltimos semestres as demiss\u00f5es na institui\u00e7\u00e3o ultrapassam 80 docentes. O Pedido de Media\u00e7\u00e3o tem como objetivo garantir os direitos dos professores e tornar sem efeito as demiss\u00f5es arbitr\u00e1rias, feitas sem negocia\u00e7\u00e3o pr\u00e9via com a entidade sindical.<\/p>\n<p>A famigerada \u201creforma trabalhista\u201d, apoiada com o voto do ent\u00e3o deputado e hoje presidente Jair Bolsonaro excluiu expressamente qualquer prote\u00e7\u00e3o ao trabalhador nos casos de despedida coletiva. Todavia, a hist\u00f3rica decis\u00e3o do Tribunal Superior do Trabalho que reputou nulas despedidas coletivas sem pr\u00e9via negocia\u00e7\u00e3o sindical e fixa\u00e7\u00e3o de indeniza\u00e7\u00e3o compensat\u00f3ria (caso da empresa Embraer), respaldou-se em preceitos constitucionais. Assim sendo \u00e9 defens\u00e1vel buscar a media\u00e7\u00e3o do Minist\u00e9rio P\u00fablico do Trabalho sob o argumento de que no particular a \u201creforma trabalhista\u201d \u00e9 flagrantemente inconstitucional.<\/p>\n<p>Entre os demitidos no final deste semestre est\u00e3o dois pr\u00f3-reitores e um ex-reitor. As demiss\u00f5es aconteceram nos cursos de Administra\u00e7\u00e3o, Ci\u00eancias Cont\u00e1beis, Engenharias, Pedagogia, Publicidade e Propaganda e Jornalismo. Entretanto, foi o curso de Direito do Unibrasil que registrou mais demiss\u00f5es, 13 no total.<\/p>\n<p>Cinicamente o curso de Direito abriu processo seletivo para contrata\u00e7\u00e3o \u201cdispondo\u201d de vagas para professores de Direito Tribut\u00e1rio, Direito Constitucional, Direito Processual Civil e Direito Penal.<\/p>\n<p>O clima \u00e9 de grande apreens\u00e3o entre os demais professores da universidade. A incerteza gerada pelas demiss\u00f5es toma conta da institui\u00e7\u00e3o prejudicando o trabalho dos outros docentes e tamb\u00e9m a qualidade das aulas para os estudantes. A precariza\u00e7\u00e3o que resulta da demiss\u00e3o de professores titulados estimula a evas\u00e3o dos alunos, representando verdadeiro tiro no p\u00e9 para a institui\u00e7\u00e3o de ensino.<\/p>\n<p>O Sinpes recebeu tamb\u00e9m a den\u00fancia de que o Unibrasil estaria contratando professores como Microempreendedor Individual (MEI), ilegalidade que n\u00e3o se sustenta nem mesmo \u00e0 luz da malsinada \u201creforma trabalhista\u201d.\u00a0 Tr\u00eas professores nos cursos de Pedagogia, Administra\u00e7\u00e3o e Contabilidade teriam sido demitidos em julho de 2018 e contratados como MEI agora no primeiro semestre de 2019.<\/p>\n<p>&nbsp;<\/p>\n<!-- AddThis Advanced Settings generic via filter on the_content --><!-- AddThis Share Buttons generic via filter on the_content -->","protected":false},"excerpt":{"rendered":"<p>O Sinpes protocolou um Pedido de Media\u00e7\u00e3o de Conflitos no Minist\u00e9rio P\u00fablico do Trabalho. A iniciativa decorreu da demiss\u00e3o em massa realizada pelo Centro Aut\u00f4nomo Universit\u00e1rio do Brasil \u2013 Unibrasil. A institui\u00e7\u00e3o demitiu, ao final do primeiro semestre letivo de 2019, 32 professores. Se somados os dois \u00faltimos semestres as demiss\u00f5es na institui\u00e7\u00e3o ultrapassam 80 [&hellip;]<!-- AddThis Advanced Settings generic via filter on wp_trim_excerpt --><!-- AddThis Share Buttons generic via filter on wp_trim_excerpt --><\/p>\n","protected":false},"author":3,"featured_media":2677,"comment_status":"closed","ping_status":"open","sticky":false,"template":"","format":"standard","meta":{"footnotes":""},"categories":[7,18,4],"tags":[35,22,189,62,108],"class_list":["post-2676","post","type-post","status-publish","format-standard","has-post-thumbnail","hentry","category-arquivo-de-noticias","category-destaque","category-unibrasil","tag-demissao","tag-professores","tag-reforma-trabalhista","tag-sinpes","tag-unibrasil"],"_links":{"self":[{"href":"https:\/\/sinpes.org.br\/site\/wp-json\/wp\/v2\/posts\/2676","targetHints":{"allow":["GET"]}}],"collection":[{"href":"https:\/\/sinpes.org.br\/site\/wp-json\/wp\/v2\/posts"}],"about":[{"href":"https:\/\/sinpes.org.br\/site\/wp-json\/wp\/v2\/types\/post"}],"author":[{"embeddable":true,"href":"https:\/\/sinpes.org.br\/site\/wp-json\/wp\/v2\/users\/3"}],"replies":[{"embeddable":true,"href":"https:\/\/sinpes.org.br\/site\/wp-json\/wp\/v2\/comments?post=2676"}],"version-history":[{"count":1,"href":"https:\/\/sinpes.org.br\/site\/wp-json\/wp\/v2\/posts\/2676\/revisions"}],"predecessor-version":[{"id":2678,"href":"https:\/\/sinpes.org.br\/site\/wp-json\/wp\/v2\/posts\/2676\/revisions\/2678"}],"wp:featuredmedia":[{"embeddable":true,"href":"https:\/\/sinpes.org.br\/site\/wp-json\/wp\/v2\/media\/2677"}],"wp:attachment":[{"href":"https:\/\/sinpes.org.br\/site\/wp-json\/wp\/v2\/media?parent=2676"}],"wp:term":[{"taxonomy":"category","embeddable":true,"href":"https:\/\/sinpes.org.br\/site\/wp-json\/wp\/v2\/categories?post=2676"},{"taxonomy":"post_tag","embeddable":true,"href":"https:\/\/sinpes.org.br\/site\/wp-json\/wp\/v2\/tags?post=2676"}],"curies":[{"name":"wp","href":"https:\/\/api.w.org\/{rel}","templated":true}]}}