{"id":2665,"date":"2019-07-11T15:14:13","date_gmt":"2019-07-11T18:14:13","guid":{"rendered":"https:\/\/sinpes.org.br\/site\/?p=2665"},"modified":"2019-09-20T11:24:06","modified_gmt":"2019-09-20T14:24:06","slug":"sinpes-protocola-novo-oficio-solicitando-debate-com-a-puc-pr","status":"publish","type":"post","link":"https:\/\/sinpes.org.br\/site\/sinpes-protocola-novo-oficio-solicitando-debate-com-a-puc-pr\/","title":{"rendered":"Sinpes protocola novo of\u00edcio solicitando debate com a PUC-PR"},"content":{"rendered":"<p>No \u00faltimo dia 04\/07 o Sinpes realizou um debate p\u00fablico para discutir a proposta do Novo Plano de Cargos e Sal\u00e1rios da PUC-PR. Na ocasi\u00e3o, o vice-reitor da universidade foi convidado na inten\u00e7\u00e3o de esclarecer os diversos pontos da proposta que representam um retrocesso hist\u00f3rico nos direitos dos professores. Por \u201ccompromisso inadi\u00e1vel previamente assumido e por tratar-se de per\u00edodo de recesso acad\u00eamico\u201d, o Vice-Rei<span class=\"text_exposed_show\">tor da PUC, Professor Vidal Martins justificou seu n\u00e3o comparecimento ao debate convocado pelo sindicato.<br \/>\nA princ\u00edpio, o Sinpes solicitou que a Associa\u00e7\u00e3o Paranaense de Cultura voltasse \u00e0 mesa de negocia\u00e7\u00f5es, honrando o compromisso assumido por ocasi\u00e3o da CCT de 2014, suspendendo imediatamente o processo il\u00edcito relativo \u00e0 carreira docente e os vencimentos de seus professores. Se isso for julgado como imposs\u00edvel pela Universidade, o Sindicato pediu ao menos que se postergue o prazo para a \u201cop\u00e7\u00e3o\u201d indevida at\u00e9 15.09.2019, aproveitando-se o m\u00eas de agosto de 2019 para debates entre representantes do Sinpes e da PUCPR sobre o tema.<br \/>\nAgora o Sindicato novamente convida o vice-reitor Vidal Martins, ou pessoa de sua confian\u00e7a, para debate p\u00fablico transmitido pela internet sobre o tema a ser realizado na segunda semana de agosto em dia, hor\u00e1rio e local a serem definidos pela pr\u00f3pria PUC.<\/span><\/p>\n<p><a href=\"https:\/\/sinpes.org.br\/site\/wp-content\/uploads\/2019\/07\/WhatsApp-Image-2019-07-11-at-14.54.39.jpeg\"><img loading=\"lazy\" decoding=\"async\" class=\"aligncenter wp-image-2666\" src=\"https:\/\/sinpes.org.br\/site\/wp-content\/uploads\/2019\/07\/WhatsApp-Image-2019-07-11-at-14.54.39.jpeg\" alt=\"\" width=\"698\" height=\"931\" srcset=\"https:\/\/sinpes.org.br\/site\/wp-content\/uploads\/2019\/07\/WhatsApp-Image-2019-07-11-at-14.54.39.jpeg 960w, https:\/\/sinpes.org.br\/site\/wp-content\/uploads\/2019\/07\/WhatsApp-Image-2019-07-11-at-14.54.39-225x300.jpeg 225w, https:\/\/sinpes.org.br\/site\/wp-content\/uploads\/2019\/07\/WhatsApp-Image-2019-07-11-at-14.54.39-768x1024.jpeg 768w\" sizes=\"auto, (max-width: 698px) 100vw, 698px\" \/><\/a><\/p>\n<p><a href=\"https:\/\/sinpes.org.br\/site\/wp-content\/uploads\/2019\/07\/WhatsApp-Image-2019-07-11-at-14.54.21-2.jpeg\"><img loading=\"lazy\" decoding=\"async\" class=\"aligncenter wp-image-2671\" src=\"https:\/\/sinpes.org.br\/site\/wp-content\/uploads\/2019\/07\/WhatsApp-Image-2019-07-11-at-14.54.21-2.jpeg\" alt=\"\" width=\"739\" height=\"985\" srcset=\"https:\/\/sinpes.org.br\/site\/wp-content\/uploads\/2019\/07\/WhatsApp-Image-2019-07-11-at-14.54.21-2.jpeg 960w, https:\/\/sinpes.org.br\/site\/wp-content\/uploads\/2019\/07\/WhatsApp-Image-2019-07-11-at-14.54.21-2-225x300.jpeg 225w, https:\/\/sinpes.org.br\/site\/wp-content\/uploads\/2019\/07\/WhatsApp-Image-2019-07-11-at-14.54.21-2-768x1024.jpeg 768w\" sizes=\"auto, (max-width: 739px) 100vw, 739px\" \/><\/a><\/p>\n<p>&nbsp;<\/p>\n<!-- AddThis Advanced Settings generic via filter on the_content --><!-- AddThis Share Buttons generic via filter on the_content -->","protected":false},"excerpt":{"rendered":"<p>No \u00faltimo dia 04\/07 o Sinpes realizou um debate p\u00fablico para discutir a proposta do Novo Plano de Cargos e Sal\u00e1rios da PUC-PR. Na ocasi\u00e3o, o vice-reitor da universidade foi convidado na inten\u00e7\u00e3o de esclarecer os diversos pontos da proposta que representam um retrocesso hist\u00f3rico nos direitos dos professores. Por \u201ccompromisso inadi\u00e1vel previamente assumido e [&hellip;]<!-- AddThis Advanced Settings generic via filter on wp_trim_excerpt --><!-- AddThis Share Buttons generic via filter on wp_trim_excerpt --><\/p>\n","protected":false},"author":3,"featured_media":2666,"comment_status":"closed","ping_status":"open","sticky":false,"template":"","format":"standard","meta":{"footnotes":""},"categories":[7,18,2],"tags":[102,372,374,61],"class_list":["post-2665","post","type-post","status-publish","format-standard","has-post-thumbnail","hentry","category-arquivo-de-noticias","category-destaque","category-puc","tag-debate","tag-direitos","tag-plano-de-cargos-e-salarios","tag-puc"],"_links":{"self":[{"href":"https:\/\/sinpes.org.br\/site\/wp-json\/wp\/v2\/posts\/2665","targetHints":{"allow":["GET"]}}],"collection":[{"href":"https:\/\/sinpes.org.br\/site\/wp-json\/wp\/v2\/posts"}],"about":[{"href":"https:\/\/sinpes.org.br\/site\/wp-json\/wp\/v2\/types\/post"}],"author":[{"embeddable":true,"href":"https:\/\/sinpes.org.br\/site\/wp-json\/wp\/v2\/users\/3"}],"replies":[{"embeddable":true,"href":"https:\/\/sinpes.org.br\/site\/wp-json\/wp\/v2\/comments?post=2665"}],"version-history":[{"count":2,"href":"https:\/\/sinpes.org.br\/site\/wp-json\/wp\/v2\/posts\/2665\/revisions"}],"predecessor-version":[{"id":2672,"href":"https:\/\/sinpes.org.br\/site\/wp-json\/wp\/v2\/posts\/2665\/revisions\/2672"}],"wp:featuredmedia":[{"embeddable":true,"href":"https:\/\/sinpes.org.br\/site\/wp-json\/wp\/v2\/media\/2666"}],"wp:attachment":[{"href":"https:\/\/sinpes.org.br\/site\/wp-json\/wp\/v2\/media?parent=2665"}],"wp:term":[{"taxonomy":"category","embeddable":true,"href":"https:\/\/sinpes.org.br\/site\/wp-json\/wp\/v2\/categories?post=2665"},{"taxonomy":"post_tag","embeddable":true,"href":"https:\/\/sinpes.org.br\/site\/wp-json\/wp\/v2\/tags?post=2665"}],"curies":[{"name":"wp","href":"https:\/\/api.w.org\/{rel}","templated":true}]}}