{"id":2659,"date":"2019-07-08T09:40:32","date_gmt":"2019-07-08T12:40:32","guid":{"rendered":"https:\/\/sinpes.org.br\/site\/?p=2659"},"modified":"2019-09-20T11:24:35","modified_gmt":"2019-09-20T14:24:35","slug":"vidal-martins-nao-comparece-a-debate-convocado-pelo-sinpes-por-problemas-de-agenda","status":"publish","type":"post","link":"https:\/\/sinpes.org.br\/site\/vidal-martins-nao-comparece-a-debate-convocado-pelo-sinpes-por-problemas-de-agenda\/","title":{"rendered":"VIDAL MARTINS N\u00c3O COMPARECE A DEBATE CONVOCADO PELO SINPES POR PROBLEMAS DE AGENDA"},"content":{"rendered":"<p><a href=\"https:\/\/sinpes.org.br\/site\/wp-content\/uploads\/2019\/07\/IMG_5948.jpg\"><img loading=\"lazy\" decoding=\"async\" class=\"aligncenter wp-image-2660\" src=\"https:\/\/sinpes.org.br\/site\/wp-content\/uploads\/2019\/07\/IMG_5948.jpg\" alt=\"\" width=\"596\" height=\"397\" srcset=\"https:\/\/sinpes.org.br\/site\/wp-content\/uploads\/2019\/07\/IMG_5948.jpg 3456w, https:\/\/sinpes.org.br\/site\/wp-content\/uploads\/2019\/07\/IMG_5948-300x200.jpg 300w, https:\/\/sinpes.org.br\/site\/wp-content\/uploads\/2019\/07\/IMG_5948-768x512.jpg 768w, https:\/\/sinpes.org.br\/site\/wp-content\/uploads\/2019\/07\/IMG_5948-1024x683.jpg 1024w\" sizes=\"auto, (max-width: 596px) 100vw, 596px\" \/><\/a><\/p>\n<p>Alegando \u201ccompromisso inadi\u00e1vel previamente assumido e por tratar-se de per\u00edodo de recesso acad\u00eamico\u201d, o Vice-Reitor da PUC, Professor Vidal Martins justificou seu n\u00e3o comparecimento ao debate convocado pelo Sinpes sobre a op\u00e7\u00e3o que vem sendo exigida dos professores da PUCPR pelo novo Plano de Cargos. A Associa\u00e7\u00e3o dos Professores da PUCPR e o DCE tamb\u00e9m justificaram a impossibilidade de comparecimento.<\/p>\n<p>O evento ocorreu em clima esclarecedor. A Professora Ilda Lopes Witiuk sintetizou uma s\u00e9rie de perguntas encaminhadas pelos professores da PUCPR, submetendo-as ao Professor Valdyr Perrini que fez um hist\u00f3rico das tratativas e uma s\u00edntese das consequ\u00eancias da ades\u00e3o pela sistem\u00e1tica proposta. Tudo isso de forma pormenorizada, abordando cada um dos pontos pol\u00eamicos das novas regras e as cotejando com as antigas.<\/p>\n<p>A postura dos professores em rela\u00e7\u00e3o ao debate confirmou as den\u00fancias que o Sinpes tem recebido, de intensa coa\u00e7\u00e3o. O grande interesse sobre o tema, despertado assim que divulgada a realiza\u00e7\u00e3o do evento, foi seguido de uma plateia inexpressiva (apenas 3 participantes conectados) explicada por alguns professores por boato que se espalhou na comunidade acad\u00eamica como rastilho de p\u00f3lvora: todos os que ousassem se conectar seriam sumariamente demitidos.<\/p>\n<p>At\u00e9 as 18h00min do dia seguinte ao evento 259 usu\u00e1rios j\u00e1 tinham assistido integral ou parcialmente de forma an\u00f4nima o programa disponibilizado no facebook do Sinpes. Confirmou-se assim o interesse por uma vis\u00e3o cr\u00edtica do processo e que a comunidade acad\u00eamica est\u00e1 farta vers\u00f5es \u201cchapa branca\u201d disseminadas diuturnamente.<\/p>\n<p>Tamb\u00e9m s\u00e3o indicativos da coa\u00e7\u00e3o:<\/p>\n<p>&#8211; A n\u00e3o autoriza\u00e7\u00e3o para que o evento ocorresse no Campus;<\/p>\n<p>&#8211; A constrangedora exig\u00eancia para que o professor que quiser permanecer no plano atual opte expressamente nesse sentido perante o DRH ou perante seus superiores hier\u00e1rquicos (como se sua omiss\u00e3o n\u00e3o quisesse significar exatamente isso);<\/p>\n<p>&#8211; Reuni\u00f5es que est\u00e3o sendo realizadas com as autoridades universit\u00e1rias e advogada da PUC nos sal\u00f5es nobres das diversas escolas em que os professores s\u00e3o \u201caconselhados\u201d a optar por um plano \u201cmais flex\u00edvel\u201d que permita \u201cmenos demiss\u00f5es\u201d.<\/p>\n<p>&#8211; A aus\u00eancia de transpar\u00eancia: \u201csomente que assina pode levar o documento\u201d e os que j\u00e1 assinaram n\u00e3o devem mostr\u00e1-lo para ningu\u00e9m em face de um inusitado \u201cdever de sigilo\u201d;<\/p>\n<p>Para complicar ainda mais a legitimidade do processo corre \u00e0 boca pequena um coment\u00e1rio ainda n\u00e3o confirmado pelo Sinpes: os professores que percebem mais do que o dobro do teto da previd\u00eancia, al\u00e9m de compelidos a optar por um plano de cargos e sal\u00e1rios que afasta direitos consagrados, simultaneamente estariam aderindo a um cl\u00e1usula de arbitragem que implica em ren\u00fancia ao direito de ter seus eventuais conflitos trabalhistas examinados futuramente pela Justi\u00e7a do Trabalho.<\/p>\n<p>Mais grave. A arbitragem, sequer cogitada pelo \u201cnovo plano\u201d e pelas discuss\u00f5es que o acompanharam estaria a cargo da CANATRA, C\u00e2mara Nacional de Arbitragem fundada por S\u00e9rgio Rocha Pombo, ningu\u00e9m menos do que o principal advogado trabalhista da Associa\u00e7\u00e3o Paranaense de Cultura, at\u00e9 h\u00e1 muito pouco seu Vice-Presidente.<\/p>\n<p>Como esperar imparcialidade de uma entidade privada constitu\u00edda e gerida at\u00e9 h\u00e1 bem pouco tempo por pessoa da mais absoluta confian\u00e7a da empregadora? Raposas indicadas para tomar conta do galinheiro ou uma forma imparcial e c\u00e9lere para a solu\u00e7\u00e3o de lit\u00edgios? Essa \u00e9 uma pergunta que todo o professor tem condi\u00e7\u00f5es de responder depois de ouvir os esclarecimentos prestados pelo Sinpes na live promovida.<\/p>\n<p>Se voc\u00ea inadvertidamente j\u00e1 \u201coptou\u201d pelo \u201cnovo plano\u201d e j\u00e1 elegeu a arbitragem para a solu\u00e7\u00e3o de seus conflitos trabalhistas, at\u00e9 o dia 16.08.2019 \u00e9 tempo de comunicar a PUCPR que mudou de ideia.<\/p>\n<p><strong>Confira a grava\u00e7\u00e3o do debate na nossa fan page no Facebook<\/strong><\/p>\n<!-- AddThis Advanced Settings generic via filter on the_content --><!-- AddThis Share Buttons generic via filter on the_content -->","protected":false},"excerpt":{"rendered":"<p>Alegando \u201ccompromisso inadi\u00e1vel previamente assumido e por tratar-se de per\u00edodo de recesso acad\u00eamico\u201d, o Vice-Reitor da PUC, Professor Vidal Martins justificou seu n\u00e3o comparecimento ao debate convocado pelo Sinpes sobre a op\u00e7\u00e3o que vem sendo exigida dos professores da PUCPR pelo novo Plano de Cargos. A Associa\u00e7\u00e3o dos Professores da PUCPR e o DCE tamb\u00e9m [&hellip;]<!-- AddThis Advanced Settings generic via filter on wp_trim_excerpt --><!-- AddThis Share Buttons generic via filter on wp_trim_excerpt --><\/p>\n","protected":false},"author":3,"featured_media":0,"comment_status":"closed","ping_status":"open","sticky":false,"template":"","format":"standard","meta":{"footnotes":""},"categories":[7,18,2],"tags":[270,102,271,375,374,61],"class_list":["post-2659","post","type-post","status-publish","format-standard","hentry","category-arquivo-de-noticias","category-destaque","category-puc","tag-appuc","tag-debate","tag-debate-publico","tag-live","tag-plano-de-cargos-e-salarios","tag-puc"],"_links":{"self":[{"href":"https:\/\/sinpes.org.br\/site\/wp-json\/wp\/v2\/posts\/2659","targetHints":{"allow":["GET"]}}],"collection":[{"href":"https:\/\/sinpes.org.br\/site\/wp-json\/wp\/v2\/posts"}],"about":[{"href":"https:\/\/sinpes.org.br\/site\/wp-json\/wp\/v2\/types\/post"}],"author":[{"embeddable":true,"href":"https:\/\/sinpes.org.br\/site\/wp-json\/wp\/v2\/users\/3"}],"replies":[{"embeddable":true,"href":"https:\/\/sinpes.org.br\/site\/wp-json\/wp\/v2\/comments?post=2659"}],"version-history":[{"count":1,"href":"https:\/\/sinpes.org.br\/site\/wp-json\/wp\/v2\/posts\/2659\/revisions"}],"predecessor-version":[{"id":2661,"href":"https:\/\/sinpes.org.br\/site\/wp-json\/wp\/v2\/posts\/2659\/revisions\/2661"}],"wp:attachment":[{"href":"https:\/\/sinpes.org.br\/site\/wp-json\/wp\/v2\/media?parent=2659"}],"wp:term":[{"taxonomy":"category","embeddable":true,"href":"https:\/\/sinpes.org.br\/site\/wp-json\/wp\/v2\/categories?post=2659"},{"taxonomy":"post_tag","embeddable":true,"href":"https:\/\/sinpes.org.br\/site\/wp-json\/wp\/v2\/tags?post=2659"}],"curies":[{"name":"wp","href":"https:\/\/api.w.org\/{rel}","templated":true}]}}