{"id":2651,"date":"2019-07-03T11:48:15","date_gmt":"2019-07-03T14:48:15","guid":{"rendered":"https:\/\/sinpes.org.br\/site\/?p=2651"},"modified":"2019-09-20T11:25:02","modified_gmt":"2019-09-20T14:25:02","slug":"sinpes-realizara-debate-com-a-puc-nesta-quinta-feira","status":"publish","type":"post","link":"https:\/\/sinpes.org.br\/site\/sinpes-realizara-debate-com-a-puc-nesta-quinta-feira\/","title":{"rendered":"Sinpes realizar\u00e1 debate com a PUC nesta quinta \u2013feira"},"content":{"rendered":"<p><a href=\"https:\/\/sinpes.org.br\/site\/wp-content\/uploads\/2019\/07\/Sinpes-convida-1.jpg\"><img loading=\"lazy\" decoding=\"async\" class=\"aligncenter wp-image-2655\" src=\"https:\/\/sinpes.org.br\/site\/wp-content\/uploads\/2019\/07\/Sinpes-convida-1.jpg\" alt=\"\" width=\"707\" height=\"370\" srcset=\"https:\/\/sinpes.org.br\/site\/wp-content\/uploads\/2019\/07\/Sinpes-convida-1.jpg 1200w, https:\/\/sinpes.org.br\/site\/wp-content\/uploads\/2019\/07\/Sinpes-convida-1-300x157.jpg 300w, https:\/\/sinpes.org.br\/site\/wp-content\/uploads\/2019\/07\/Sinpes-convida-1-768x402.jpg 768w, https:\/\/sinpes.org.br\/site\/wp-content\/uploads\/2019\/07\/Sinpes-convida-1-1024x536.jpg 1024w\" sizes=\"auto, (max-width: 707px) 100vw, 707px\" \/><\/a><\/p>\n<p>Diante do car\u00e1ter evidentemente prejudicial das novas regras propostas pela PUC-PR em seu novo Plano de Cargos e Sal\u00e1rios, que colocam fim a direitos hist\u00f3ricos dos professores, o Sinpes solicitou um debate p\u00fablico com o Professor Vidal Martins ou pessoa da sua confian\u00e7a.<br \/>\nO debate ser\u00e1 realizado nesta quinta-feira (04\/07) no Hotel Roochelle, no Centro de Curitiba. O evento ser\u00e1 transmitido ao vivo pela internet por meio de nossa Fanpage no Facebook e acontece a partir das 18 h.<br \/>\nA princ\u00edpio, o Sinpes solicitou que a Associa\u00e7\u00e3o Paranaense de Cultura voltasse \u00e0 mesa de negocia\u00e7\u00f5es, honrando o compromisso assumido por ocasi\u00e3o da CCT de 2014, suspendendo imediatamente o processo il\u00edcito relativo \u00e0 carreira docente e os vencimentos de seus professores. Se isso for julgado como imposs\u00edvel pela Universidade, o Sindicato pediu ao menos que se postergue o prazo para a \u201cop\u00e7\u00e3o\u201d indevida at\u00e9 15.09.2019, aproveitando-se o m\u00eas de agosto de 2019 para debates entre representantes do Sinpes e da PUCPR sobre o tema.<br \/>\nRejeitada pelas autoridades universit\u00e1rias essa segunda alternativa, o Sinpes convidou a PUC para debate p\u00fablico transmitido pela Internet a fim de enfatizar todos os preju\u00edzos trazidos pelo novo Plano de Cargos e Sal\u00e1rios que se configura como um retrocesso hist\u00f3rico nos direitos trabalhistas dos docentes.<br \/>\nO debate acontece a partir das 18h e ser\u00e1 transmitido por meio de nossa fanpage:<br \/>\n<a href=\"https:\/\/www.facebook.com\/SINPES-Sindicato-dos-Professores-de-Ensino-Superior-296535133689826\/?ref=bookmarks\">https:\/\/www.facebook.com\/SINPES-Sindicato-dos-Professores-de-Ensino-Superior-296535133689826\/?ref=bookmarks<\/a><br \/>\nO Hotel Roochelle fica na R. Tibagi, 307 &#8211; Centro, Curitiba.<\/p>\n<!-- AddThis Advanced Settings generic via filter on the_content --><!-- AddThis Share Buttons generic via filter on the_content -->","protected":false},"excerpt":{"rendered":"<p>Diante do car\u00e1ter evidentemente prejudicial das novas regras propostas pela PUC-PR em seu novo Plano de Cargos e Sal\u00e1rios, que colocam fim a direitos hist\u00f3ricos dos professores, o Sinpes solicitou um debate p\u00fablico com o Professor Vidal Martins ou pessoa da sua confian\u00e7a. O debate ser\u00e1 realizado nesta quinta-feira (04\/07) no Hotel Roochelle, no Centro [&hellip;]<!-- AddThis Advanced Settings generic via filter on wp_trim_excerpt --><!-- AddThis Share Buttons generic via filter on wp_trim_excerpt --><\/p>\n","protected":false},"author":3,"featured_media":2652,"comment_status":"closed","ping_status":"open","sticky":false,"template":"","format":"standard","meta":{"footnotes":""},"categories":[7,18,2],"tags":[102,372,373,370,61,371],"class_list":["post-2651","post","type-post","status-publish","format-standard","has-post-thumbnail","hentry","category-arquivo-de-noticias","category-destaque","category-puc","tag-debate","tag-direitos","tag-hotel","tag-plano-de-caergos","tag-puc","tag-salarios"],"_links":{"self":[{"href":"https:\/\/sinpes.org.br\/site\/wp-json\/wp\/v2\/posts\/2651","targetHints":{"allow":["GET"]}}],"collection":[{"href":"https:\/\/sinpes.org.br\/site\/wp-json\/wp\/v2\/posts"}],"about":[{"href":"https:\/\/sinpes.org.br\/site\/wp-json\/wp\/v2\/types\/post"}],"author":[{"embeddable":true,"href":"https:\/\/sinpes.org.br\/site\/wp-json\/wp\/v2\/users\/3"}],"replies":[{"embeddable":true,"href":"https:\/\/sinpes.org.br\/site\/wp-json\/wp\/v2\/comments?post=2651"}],"version-history":[{"count":2,"href":"https:\/\/sinpes.org.br\/site\/wp-json\/wp\/v2\/posts\/2651\/revisions"}],"predecessor-version":[{"id":2656,"href":"https:\/\/sinpes.org.br\/site\/wp-json\/wp\/v2\/posts\/2651\/revisions\/2656"}],"wp:featuredmedia":[{"embeddable":true,"href":"https:\/\/sinpes.org.br\/site\/wp-json\/wp\/v2\/media\/2652"}],"wp:attachment":[{"href":"https:\/\/sinpes.org.br\/site\/wp-json\/wp\/v2\/media?parent=2651"}],"wp:term":[{"taxonomy":"category","embeddable":true,"href":"https:\/\/sinpes.org.br\/site\/wp-json\/wp\/v2\/categories?post=2651"},{"taxonomy":"post_tag","embeddable":true,"href":"https:\/\/sinpes.org.br\/site\/wp-json\/wp\/v2\/tags?post=2651"}],"curies":[{"name":"wp","href":"https:\/\/api.w.org\/{rel}","templated":true}]}}