{"id":2637,"date":"2019-07-01T17:05:23","date_gmt":"2019-07-01T20:05:23","guid":{"rendered":"https:\/\/sinpes.org.br\/site\/?p=2637"},"modified":"2019-07-01T17:05:23","modified_gmt":"2019-07-01T20:05:23","slug":"sinpes-convoca-vidal-martins-para-mesa-redonda-na-superintendencia-regional-do-trabalho","status":"publish","type":"post","link":"https:\/\/sinpes.org.br\/site\/sinpes-convoca-vidal-martins-para-mesa-redonda-na-superintendencia-regional-do-trabalho\/","title":{"rendered":"SINPES CONVOCA VIDAL MARTINS PARA MESA REDONDA NA SUPERINTEND\u00caNCIA REGIONAL DO TRABALHO"},"content":{"rendered":"<p>SINPES INTERPELA EXTRAJUDICIALMENTE A PUC\/PR EM FACE DA OP\u00c7\u00c3O POR PLANO QUE ESFACELA DIREITOS E CONTRARIA COMPROMISSO ASSUMIDO EXIGINDO SUSPENS\u00c3O IMEDIATA DA OP\u00c7\u00c3O IL\u00cdCITA EXIGIDA DOS PROFESSORES EM PLENAS F\u00c9RIAS ESCOLARES E CONVOCANDO VIDAL MARTINS PARA DEBATE P\u00daBLICO TRANSMITIDO PELA INTERNET.<\/p>\n<p>Confira:<\/p>\n<p><a href=\"https:\/\/sinpes.org.br\/site\/wp-content\/uploads\/2019\/07\/scan-3.jpg\"><img loading=\"lazy\" decoding=\"async\" class=\"aligncenter wp-image-2641\" src=\"https:\/\/sinpes.org.br\/site\/wp-content\/uploads\/2019\/07\/scan-3.jpg\" alt=\"\" width=\"714\" height=\"1009\" \/><\/a><\/p>\n<p><a href=\"https:\/\/sinpes.org.br\/site\/wp-content\/uploads\/2019\/07\/scan0024-1.jpg\"><img loading=\"lazy\" decoding=\"async\" class=\"aligncenter wp-image-2644\" src=\"https:\/\/sinpes.org.br\/site\/wp-content\/uploads\/2019\/07\/scan0024-1.jpg\" alt=\"\" width=\"749\" height=\"1059\" \/><\/a><a href=\"https:\/\/sinpes.org.br\/site\/wp-content\/uploads\/2019\/07\/scan0025.jpg\"><img loading=\"lazy\" decoding=\"async\" class=\"aligncenter  wp-image-2647\" src=\"https:\/\/sinpes.org.br\/site\/wp-content\/uploads\/2019\/07\/scan0025.jpg\" alt=\"\" width=\"677\" height=\"957\" \/><\/a><\/p>\n<!-- AddThis Advanced Settings generic via filter on the_content --><!-- AddThis Share Buttons generic via filter on the_content -->","protected":false},"excerpt":{"rendered":"<p>SINPES INTERPELA EXTRAJUDICIALMENTE A PUC\/PR EM FACE DA OP\u00c7\u00c3O POR PLANO QUE ESFACELA DIREITOS E CONTRARIA COMPROMISSO ASSUMIDO EXIGINDO SUSPENS\u00c3O IMEDIATA DA OP\u00c7\u00c3O IL\u00cdCITA EXIGIDA DOS PROFESSORES EM PLENAS F\u00c9RIAS ESCOLARES E CONVOCANDO VIDAL MARTINS PARA DEBATE P\u00daBLICO TRANSMITIDO PELA INTERNET. Confira:<!-- AddThis Advanced Settings generic via filter on wp_trim_excerpt --><!-- AddThis Share Buttons generic via filter on wp_trim_excerpt --><\/p>\n","protected":false},"author":3,"featured_media":0,"comment_status":"closed","ping_status":"open","sticky":false,"template":"","format":"standard","meta":{"footnotes":""},"categories":[7,18,2,5],"tags":[],"class_list":["post-2637","post","type-post","status-publish","format-standard","hentry","category-arquivo-de-noticias","category-destaque","category-puc","category-sinpes"],"_links":{"self":[{"href":"https:\/\/sinpes.org.br\/site\/wp-json\/wp\/v2\/posts\/2637","targetHints":{"allow":["GET"]}}],"collection":[{"href":"https:\/\/sinpes.org.br\/site\/wp-json\/wp\/v2\/posts"}],"about":[{"href":"https:\/\/sinpes.org.br\/site\/wp-json\/wp\/v2\/types\/post"}],"author":[{"embeddable":true,"href":"https:\/\/sinpes.org.br\/site\/wp-json\/wp\/v2\/users\/3"}],"replies":[{"embeddable":true,"href":"https:\/\/sinpes.org.br\/site\/wp-json\/wp\/v2\/comments?post=2637"}],"version-history":[{"count":4,"href":"https:\/\/sinpes.org.br\/site\/wp-json\/wp\/v2\/posts\/2637\/revisions"}],"predecessor-version":[{"id":2650,"href":"https:\/\/sinpes.org.br\/site\/wp-json\/wp\/v2\/posts\/2637\/revisions\/2650"}],"wp:attachment":[{"href":"https:\/\/sinpes.org.br\/site\/wp-json\/wp\/v2\/media?parent=2637"}],"wp:term":[{"taxonomy":"category","embeddable":true,"href":"https:\/\/sinpes.org.br\/site\/wp-json\/wp\/v2\/categories?post=2637"},{"taxonomy":"post_tag","embeddable":true,"href":"https:\/\/sinpes.org.br\/site\/wp-json\/wp\/v2\/tags?post=2637"}],"curies":[{"name":"wp","href":"https:\/\/api.w.org\/{rel}","templated":true}]}}