{"id":2630,"date":"2019-06-26T15:01:15","date_gmt":"2019-06-26T18:01:15","guid":{"rendered":"https:\/\/sinpes.org.br\/site\/?p=2630"},"modified":"2019-06-26T15:01:15","modified_gmt":"2019-06-26T18:01:15","slug":"sergio-moro-paladino-da-moralidade-ou-robespierre-dos-pinheirais","status":"publish","type":"post","link":"https:\/\/sinpes.org.br\/site\/sergio-moro-paladino-da-moralidade-ou-robespierre-dos-pinheirais\/","title":{"rendered":"S\u00e9rgio Moro: Paladino da Moralidade ou Robespierre dos Pinheirais?"},"content":{"rendered":"<p><a href=\"https:\/\/sinpes.org.br\/site\/wp-content\/uploads\/2019\/06\/S\u00e9rgio-Moro_-Paladino-da-Moralidade-ou-Robespierre-dos-Pinheirais_.jpg\"><img loading=\"lazy\" decoding=\"async\" class=\"aligncenter  wp-image-2631\" src=\"https:\/\/sinpes.org.br\/site\/wp-content\/uploads\/2019\/06\/S\u00e9rgio-Moro_-Paladino-da-Moralidade-ou-Robespierre-dos-Pinheirais_.jpg\" alt=\"\" width=\"567\" height=\"476\" srcset=\"https:\/\/sinpes.org.br\/site\/wp-content\/uploads\/2019\/06\/S\u00e9rgio-Moro_-Paladino-da-Moralidade-ou-Robespierre-dos-Pinheirais_.jpg 940w, https:\/\/sinpes.org.br\/site\/wp-content\/uploads\/2019\/06\/S\u00e9rgio-Moro_-Paladino-da-Moralidade-ou-Robespierre-dos-Pinheirais_-300x251.jpg 300w, https:\/\/sinpes.org.br\/site\/wp-content\/uploads\/2019\/06\/S\u00e9rgio-Moro_-Paladino-da-Moralidade-ou-Robespierre-dos-Pinheirais_-768x644.jpg 768w\" sizes=\"auto, (max-width: 567px) 100vw, 567px\" \/><\/a><\/p>\n<p>No \u00faltimo dia 12 de junho a Diretora do Programa de Mestrado e Doutorado em Direito Empresarial e Cidadania do Centro Universit\u00e1rio Curitiba (Unicuritiba) emitiu uma nota de apoio ao Ministro da Justi\u00e7a Sergio Moro. A manifesta\u00e7\u00e3o deu-se logo em seguida \u00e0 divulga\u00e7\u00e3o pelo site <em>\u201cThe Intercept\u201d<\/em> de conversas supostamente impr\u00f3prias entre Moro, Deltan Dallagnol e outros Procuradores do Minist\u00e9rio P\u00fablico Federal que atuam ou atuaram na \u201cOpera\u00e7\u00e3o Lava Jato\u201d. Os di\u00e1logos, feitos por meio do aplicativo \u201cTelegram\u201d, aparentemente mostram o atual Ministro da Justi\u00e7a, que na \u00e9poca era o Juiz Federal encarregado pelos casos envolvendo o ex-presidente Lula, promovendo coopera\u00e7\u00e3o informal aparentemente indevida entre \u00f3rg\u00e3o julgador e acusador.<\/p>\n<p>A nota emitida pelo PPGD do Unicuritiba declara irrestrita solidariedade a Sergio Moro, que leciona no Programa de P\u00f3s-Gradua\u00e7\u00e3o daquela institui\u00e7\u00e3o de ensino, enfatizando que o mesmo teria agido com lisura e imparcialidade.<\/p>\n<p>O Sindicato dos Professores de Ensino Superior de Curitiba e Regi\u00e3o Metropolitana (Sinpes) reputa precipitado o pol\u00eamico posicionamento adotado, antes mesmo que as den\u00fancias sejam investigadas. E pondera que atitudes a\u00e7odadas como essa n\u00e3o honram o idealismo de Milton Vianna, fundador da Faculdade de Direito de Curitiba, embri\u00e3o do Unicuritiba, cuja sensibilidade social e pol\u00edtica fez com que ousasse oferecer na d\u00e9cada de 50 curso noturno de Direito como alternativa para aqueles que gostariam de tornar-se advogados, mas n\u00e3o podiam frequentar o curso matutino da Universidade Federal do Paran\u00e1, \u00fanico dispon\u00edvel \u00e0 \u00e9poca.<\/p>\n<p>Tampouco honram a tradi\u00e7\u00e3o de apre\u00e7o da Unicuritiba pelo ide\u00e1rio democr\u00e1tico e pelo respeito aos direitos e garantias individuais. Quem foi professor ou aluno da FDC nos tempos que antecederam a promulga\u00e7\u00e3o da Constitui\u00e7\u00e3o Cidad\u00e3 de 1988 certamente participou das diversas c\u00e2maras de discuss\u00e3o em que eram debatidas e elaboradas sugest\u00f5es que foram encaminhadas aos deputados e senadores constituintes.<\/p>\n<p>Por certo a subscritora da pol\u00eamica nota j\u00e1 deve ter recebido um merecido pux\u00e3o de orelha de algum integrante da fam\u00edlia Vianna, que mesmo \u00e0 dist\u00e2ncia, mant\u00e9m o cuidado de evitar desvios de conduta como esse!<\/p>\n<p>Aguardemos as pr\u00f3ximas not\u00edcias. As investiga\u00e7\u00f5es que certamente ocorrer\u00e3o permitir\u00e3o uma avalia\u00e7\u00e3o mais precisa da conduta diante da Hist\u00f3ria dos protagonistas dos vazamentos do <em>The<\/em> <em>Intercept.<\/em><\/p>\n<p>&nbsp;<\/p>\n<!-- AddThis Advanced Settings generic via filter on the_content --><!-- AddThis Share Buttons generic via filter on the_content -->","protected":false},"excerpt":{"rendered":"<p>No \u00faltimo dia 12 de junho a Diretora do Programa de Mestrado e Doutorado em Direito Empresarial e Cidadania do Centro Universit\u00e1rio Curitiba (Unicuritiba) emitiu uma nota de apoio ao Ministro da Justi\u00e7a Sergio Moro. A manifesta\u00e7\u00e3o deu-se logo em seguida \u00e0 divulga\u00e7\u00e3o pelo site \u201cThe Intercept\u201d de conversas supostamente impr\u00f3prias entre Moro, Deltan Dallagnol [&hellip;]<!-- AddThis Advanced Settings generic via filter on wp_trim_excerpt --><!-- AddThis Share Buttons generic via filter on wp_trim_excerpt --><\/p>\n","protected":false},"author":3,"featured_media":2631,"comment_status":"closed","ping_status":"open","sticky":false,"template":"","format":"standard","meta":{"footnotes":""},"categories":[7,18],"tags":[92,368,369],"class_list":["post-2630","post","type-post","status-publish","format-standard","has-post-thumbnail","hentry","category-arquivo-de-noticias","category-destaque","tag-justica","tag-moro","tag-unicuritiba"],"_links":{"self":[{"href":"https:\/\/sinpes.org.br\/site\/wp-json\/wp\/v2\/posts\/2630","targetHints":{"allow":["GET"]}}],"collection":[{"href":"https:\/\/sinpes.org.br\/site\/wp-json\/wp\/v2\/posts"}],"about":[{"href":"https:\/\/sinpes.org.br\/site\/wp-json\/wp\/v2\/types\/post"}],"author":[{"embeddable":true,"href":"https:\/\/sinpes.org.br\/site\/wp-json\/wp\/v2\/users\/3"}],"replies":[{"embeddable":true,"href":"https:\/\/sinpes.org.br\/site\/wp-json\/wp\/v2\/comments?post=2630"}],"version-history":[{"count":1,"href":"https:\/\/sinpes.org.br\/site\/wp-json\/wp\/v2\/posts\/2630\/revisions"}],"predecessor-version":[{"id":2632,"href":"https:\/\/sinpes.org.br\/site\/wp-json\/wp\/v2\/posts\/2630\/revisions\/2632"}],"wp:featuredmedia":[{"embeddable":true,"href":"https:\/\/sinpes.org.br\/site\/wp-json\/wp\/v2\/media\/2631"}],"wp:attachment":[{"href":"https:\/\/sinpes.org.br\/site\/wp-json\/wp\/v2\/media?parent=2630"}],"wp:term":[{"taxonomy":"category","embeddable":true,"href":"https:\/\/sinpes.org.br\/site\/wp-json\/wp\/v2\/categories?post=2630"},{"taxonomy":"post_tag","embeddable":true,"href":"https:\/\/sinpes.org.br\/site\/wp-json\/wp\/v2\/tags?post=2630"}],"curies":[{"name":"wp","href":"https:\/\/api.w.org\/{rel}","templated":true}]}}