{"id":2613,"date":"2019-06-17T10:27:53","date_gmt":"2019-06-17T13:27:53","guid":{"rendered":"https:\/\/sinpes.org.br\/site\/?p=2613"},"modified":"2019-06-17T11:35:30","modified_gmt":"2019-06-17T14:35:30","slug":"sinpes-participa-da-greve-geral-de-14-de-junho","status":"publish","type":"post","link":"https:\/\/sinpes.org.br\/site\/sinpes-participa-da-greve-geral-de-14-de-junho\/","title":{"rendered":"Sinpes participa da Greve Geral de 14 de junho"},"content":{"rendered":"<p>No dia 14 de junho o Sinpes se juntou a dezenas de sindicatos, movimentos sociais e estudantis e trabalhadores em um coro de milhares de vozes que percorreu as ruas de Curitiba. A Greve Geral, que aconteceu em centenas de cidades pelo pa\u00eds, foi um recado contra a atual Proposta de Reforma da Previd\u00eancia, em defesa da Educa\u00e7\u00e3o, pela gera\u00e7\u00e3o de empregos e pela manuten\u00e7\u00e3o de direitos.<\/p>\n<p>Antes de se juntar ao ato, que teve in\u00edcio na Pra\u00e7a Nossa Senhora de Salte em frente ao Pal\u00e1cio Igua\u00e7u e se deslocou at\u00e9 a Pra\u00e7a Santos Andrade, o Sinpes, se utilizando de um caminh\u00e3o de som, mobilizou professores em universidades como a Facel, a Positivo e a Uniandrade, al\u00e9m de trabalhadores do Tribunal Regional do Trabalho, do Minist\u00e9rio P\u00fablico do Trabalho e da sociedade em geral.<\/p>\n<p>Confira abaixo algumas fotos da Greve que levou milhares \u00e0s ruas da capital paranaense.<\/p>\n<p>&nbsp;<\/p>\n<p><a href=\"https:\/\/sinpes.org.br\/site\/wp-content\/uploads\/2019\/06\/IMG_5339.jpg\"><img loading=\"lazy\" decoding=\"async\" class=\"aligncenter wp-image-2614\" src=\"https:\/\/sinpes.org.br\/site\/wp-content\/uploads\/2019\/06\/IMG_5339.jpg\" alt=\"\" width=\"704\" height=\"469\" srcset=\"https:\/\/sinpes.org.br\/site\/wp-content\/uploads\/2019\/06\/IMG_5339.jpg 3456w, https:\/\/sinpes.org.br\/site\/wp-content\/uploads\/2019\/06\/IMG_5339-300x200.jpg 300w, https:\/\/sinpes.org.br\/site\/wp-content\/uploads\/2019\/06\/IMG_5339-768x512.jpg 768w, https:\/\/sinpes.org.br\/site\/wp-content\/uploads\/2019\/06\/IMG_5339-1024x683.jpg 1024w\" sizes=\"auto, (max-width: 704px) 100vw, 704px\" \/><\/a><\/p>\n<p><a href=\"https:\/\/sinpes.org.br\/site\/wp-content\/uploads\/2019\/06\/IMG_5352.jpg\"><img loading=\"lazy\" decoding=\"async\" class=\"aligncenter wp-image-2615\" src=\"https:\/\/sinpes.org.br\/site\/wp-content\/uploads\/2019\/06\/IMG_5352.jpg\" alt=\"\" width=\"710\" height=\"473\" srcset=\"https:\/\/sinpes.org.br\/site\/wp-content\/uploads\/2019\/06\/IMG_5352.jpg 3456w, https:\/\/sinpes.org.br\/site\/wp-content\/uploads\/2019\/06\/IMG_5352-300x200.jpg 300w, https:\/\/sinpes.org.br\/site\/wp-content\/uploads\/2019\/06\/IMG_5352-768x512.jpg 768w, https:\/\/sinpes.org.br\/site\/wp-content\/uploads\/2019\/06\/IMG_5352-1024x683.jpg 1024w\" sizes=\"auto, (max-width: 710px) 100vw, 710px\" \/><\/a><\/p>\n<p><a href=\"https:\/\/sinpes.org.br\/site\/wp-content\/uploads\/2019\/06\/IMG_5366.jpg\"><img loading=\"lazy\" decoding=\"async\" class=\"aligncenter wp-image-2616\" src=\"https:\/\/sinpes.org.br\/site\/wp-content\/uploads\/2019\/06\/IMG_5366.jpg\" alt=\"\" width=\"720\" height=\"480\" srcset=\"https:\/\/sinpes.org.br\/site\/wp-content\/uploads\/2019\/06\/IMG_5366.jpg 3456w, https:\/\/sinpes.org.br\/site\/wp-content\/uploads\/2019\/06\/IMG_5366-300x200.jpg 300w, https:\/\/sinpes.org.br\/site\/wp-content\/uploads\/2019\/06\/IMG_5366-768x512.jpg 768w, https:\/\/sinpes.org.br\/site\/wp-content\/uploads\/2019\/06\/IMG_5366-1024x683.jpg 1024w\" sizes=\"auto, (max-width: 720px) 100vw, 720px\" \/><\/a><\/p>\n<p><a href=\"https:\/\/sinpes.org.br\/site\/wp-content\/uploads\/2019\/06\/IMG_5410.jpg\"><img loading=\"lazy\" decoding=\"async\" class=\"aligncenter wp-image-2617\" src=\"https:\/\/sinpes.org.br\/site\/wp-content\/uploads\/2019\/06\/IMG_5410.jpg\" alt=\"\" width=\"735\" height=\"490\" srcset=\"https:\/\/sinpes.org.br\/site\/wp-content\/uploads\/2019\/06\/IMG_5410.jpg 3456w, https:\/\/sinpes.org.br\/site\/wp-content\/uploads\/2019\/06\/IMG_5410-300x200.jpg 300w, https:\/\/sinpes.org.br\/site\/wp-content\/uploads\/2019\/06\/IMG_5410-768x512.jpg 768w, https:\/\/sinpes.org.br\/site\/wp-content\/uploads\/2019\/06\/IMG_5410-1024x683.jpg 1024w\" sizes=\"auto, (max-width: 735px) 100vw, 735px\" \/><\/a><\/p>\n<p><a href=\"https:\/\/sinpes.org.br\/site\/wp-content\/uploads\/2019\/06\/IMG_5441.jpg\"><img loading=\"lazy\" decoding=\"async\" class=\"aligncenter wp-image-2618\" src=\"https:\/\/sinpes.org.br\/site\/wp-content\/uploads\/2019\/06\/IMG_5441.jpg\" alt=\"\" width=\"734\" height=\"489\" srcset=\"https:\/\/sinpes.org.br\/site\/wp-content\/uploads\/2019\/06\/IMG_5441.jpg 3456w, https:\/\/sinpes.org.br\/site\/wp-content\/uploads\/2019\/06\/IMG_5441-300x200.jpg 300w, https:\/\/sinpes.org.br\/site\/wp-content\/uploads\/2019\/06\/IMG_5441-768x512.jpg 768w, https:\/\/sinpes.org.br\/site\/wp-content\/uploads\/2019\/06\/IMG_5441-1024x683.jpg 1024w\" sizes=\"auto, (max-width: 734px) 100vw, 734px\" \/><\/a><\/p>\n<p><a href=\"https:\/\/sinpes.org.br\/site\/wp-content\/uploads\/2019\/06\/IMG_5491.jpg\"><img loading=\"lazy\" decoding=\"async\" class=\"aligncenter wp-image-2619\" src=\"https:\/\/sinpes.org.br\/site\/wp-content\/uploads\/2019\/06\/IMG_5491.jpg\" alt=\"\" width=\"743\" height=\"495\" srcset=\"https:\/\/sinpes.org.br\/site\/wp-content\/uploads\/2019\/06\/IMG_5491.jpg 3456w, https:\/\/sinpes.org.br\/site\/wp-content\/uploads\/2019\/06\/IMG_5491-300x200.jpg 300w, https:\/\/sinpes.org.br\/site\/wp-content\/uploads\/2019\/06\/IMG_5491-768x512.jpg 768w, https:\/\/sinpes.org.br\/site\/wp-content\/uploads\/2019\/06\/IMG_5491-1024x683.jpg 1024w\" sizes=\"auto, (max-width: 743px) 100vw, 743px\" \/><\/a><\/p>\n<p><a href=\"https:\/\/sinpes.org.br\/site\/wp-content\/uploads\/2019\/06\/IMG_5530.jpg\"><img loading=\"lazy\" decoding=\"async\" class=\"aligncenter wp-image-2620\" src=\"https:\/\/sinpes.org.br\/site\/wp-content\/uploads\/2019\/06\/IMG_5530.jpg\" alt=\"\" width=\"736\" height=\"490\" srcset=\"https:\/\/sinpes.org.br\/site\/wp-content\/uploads\/2019\/06\/IMG_5530.jpg 3456w, https:\/\/sinpes.org.br\/site\/wp-content\/uploads\/2019\/06\/IMG_5530-300x200.jpg 300w, https:\/\/sinpes.org.br\/site\/wp-content\/uploads\/2019\/06\/IMG_5530-768x512.jpg 768w, https:\/\/sinpes.org.br\/site\/wp-content\/uploads\/2019\/06\/IMG_5530-1024x683.jpg 1024w\" sizes=\"auto, (max-width: 736px) 100vw, 736px\" \/><\/a><\/p>\n<p><a href=\"https:\/\/sinpes.org.br\/site\/wp-content\/uploads\/2019\/06\/IMG_5634.jpg\"><img loading=\"lazy\" decoding=\"async\" class=\"aligncenter wp-image-2621\" src=\"https:\/\/sinpes.org.br\/site\/wp-content\/uploads\/2019\/06\/IMG_5634.jpg\" alt=\"\" width=\"743\" height=\"495\" srcset=\"https:\/\/sinpes.org.br\/site\/wp-content\/uploads\/2019\/06\/IMG_5634.jpg 3456w, https:\/\/sinpes.org.br\/site\/wp-content\/uploads\/2019\/06\/IMG_5634-300x200.jpg 300w, https:\/\/sinpes.org.br\/site\/wp-content\/uploads\/2019\/06\/IMG_5634-768x512.jpg 768w, https:\/\/sinpes.org.br\/site\/wp-content\/uploads\/2019\/06\/IMG_5634-1024x683.jpg 1024w\" sizes=\"auto, (max-width: 743px) 100vw, 743px\" \/><\/a><\/p>\n<p><a href=\"https:\/\/sinpes.org.br\/site\/wp-content\/uploads\/2019\/06\/IMG_5654.jpg\"><img loading=\"lazy\" decoding=\"async\" class=\"aligncenter wp-image-2622\" src=\"https:\/\/sinpes.org.br\/site\/wp-content\/uploads\/2019\/06\/IMG_5654.jpg\" alt=\"\" width=\"753\" height=\"502\" srcset=\"https:\/\/sinpes.org.br\/site\/wp-content\/uploads\/2019\/06\/IMG_5654.jpg 3456w, https:\/\/sinpes.org.br\/site\/wp-content\/uploads\/2019\/06\/IMG_5654-300x200.jpg 300w, https:\/\/sinpes.org.br\/site\/wp-content\/uploads\/2019\/06\/IMG_5654-768x512.jpg 768w, https:\/\/sinpes.org.br\/site\/wp-content\/uploads\/2019\/06\/IMG_5654-1024x683.jpg 1024w\" sizes=\"auto, (max-width: 753px) 100vw, 753px\" \/><\/a><\/p>\n<p><a href=\"https:\/\/sinpes.org.br\/site\/wp-content\/uploads\/2019\/06\/IMG_5677.jpg\"><img loading=\"lazy\" decoding=\"async\" class=\"aligncenter wp-image-2623\" src=\"https:\/\/sinpes.org.br\/site\/wp-content\/uploads\/2019\/06\/IMG_5677.jpg\" alt=\"\" width=\"759\" height=\"506\" srcset=\"https:\/\/sinpes.org.br\/site\/wp-content\/uploads\/2019\/06\/IMG_5677.jpg 3456w, https:\/\/sinpes.org.br\/site\/wp-content\/uploads\/2019\/06\/IMG_5677-300x200.jpg 300w, https:\/\/sinpes.org.br\/site\/wp-content\/uploads\/2019\/06\/IMG_5677-768x512.jpg 768w, https:\/\/sinpes.org.br\/site\/wp-content\/uploads\/2019\/06\/IMG_5677-1024x683.jpg 1024w\" sizes=\"auto, (max-width: 759px) 100vw, 759px\" \/><\/a><\/p>\n<p><a href=\"https:\/\/sinpes.org.br\/site\/wp-content\/uploads\/2019\/06\/IMG_5777.jpg\"><img loading=\"lazy\" decoding=\"async\" class=\"aligncenter wp-image-2624\" src=\"https:\/\/sinpes.org.br\/site\/wp-content\/uploads\/2019\/06\/IMG_5777.jpg\" alt=\"\" width=\"749\" height=\"499\" srcset=\"https:\/\/sinpes.org.br\/site\/wp-content\/uploads\/2019\/06\/IMG_5777.jpg 3456w, https:\/\/sinpes.org.br\/site\/wp-content\/uploads\/2019\/06\/IMG_5777-300x200.jpg 300w, https:\/\/sinpes.org.br\/site\/wp-content\/uploads\/2019\/06\/IMG_5777-768x512.jpg 768w, https:\/\/sinpes.org.br\/site\/wp-content\/uploads\/2019\/06\/IMG_5777-1024x683.jpg 1024w\" sizes=\"auto, (max-width: 749px) 100vw, 749px\" \/><\/a><\/p>\n<!-- AddThis Advanced Settings generic via filter on the_content --><!-- AddThis Share Buttons generic via filter on the_content -->","protected":false},"excerpt":{"rendered":"<p>No dia 14 de junho o Sinpes se juntou a dezenas de sindicatos, movimentos sociais e estudantis e trabalhadores em um coro de milhares de vozes que percorreu as ruas de Curitiba. A Greve Geral, que aconteceu em centenas de cidades pelo pa\u00eds, foi um recado contra a atual Proposta de Reforma da Previd\u00eancia, em [&hellip;]<!-- AddThis Advanced Settings generic via filter on wp_trim_excerpt --><!-- AddThis Share Buttons generic via filter on wp_trim_excerpt --><\/p>\n","protected":false},"author":3,"featured_media":2619,"comment_status":"closed","ping_status":"open","sticky":false,"template":"","format":"standard","meta":{"footnotes":""},"categories":[7,18,5],"tags":[83,117,355,189],"class_list":["post-2613","post","type-post","status-publish","format-standard","has-post-thumbnail","hentry","category-arquivo-de-noticias","category-destaque","category-sinpes","tag-greve","tag-greve-geral","tag-reforma-da-previdencia","tag-reforma-trabalhista"],"_links":{"self":[{"href":"https:\/\/sinpes.org.br\/site\/wp-json\/wp\/v2\/posts\/2613","targetHints":{"allow":["GET"]}}],"collection":[{"href":"https:\/\/sinpes.org.br\/site\/wp-json\/wp\/v2\/posts"}],"about":[{"href":"https:\/\/sinpes.org.br\/site\/wp-json\/wp\/v2\/types\/post"}],"author":[{"embeddable":true,"href":"https:\/\/sinpes.org.br\/site\/wp-json\/wp\/v2\/users\/3"}],"replies":[{"embeddable":true,"href":"https:\/\/sinpes.org.br\/site\/wp-json\/wp\/v2\/comments?post=2613"}],"version-history":[{"count":1,"href":"https:\/\/sinpes.org.br\/site\/wp-json\/wp\/v2\/posts\/2613\/revisions"}],"predecessor-version":[{"id":2625,"href":"https:\/\/sinpes.org.br\/site\/wp-json\/wp\/v2\/posts\/2613\/revisions\/2625"}],"wp:featuredmedia":[{"embeddable":true,"href":"https:\/\/sinpes.org.br\/site\/wp-json\/wp\/v2\/media\/2619"}],"wp:attachment":[{"href":"https:\/\/sinpes.org.br\/site\/wp-json\/wp\/v2\/media?parent=2613"}],"wp:term":[{"taxonomy":"category","embeddable":true,"href":"https:\/\/sinpes.org.br\/site\/wp-json\/wp\/v2\/categories?post=2613"},{"taxonomy":"post_tag","embeddable":true,"href":"https:\/\/sinpes.org.br\/site\/wp-json\/wp\/v2\/tags?post=2613"}],"curies":[{"name":"wp","href":"https:\/\/api.w.org\/{rel}","templated":true}]}}