{"id":2609,"date":"2019-06-12T13:14:33","date_gmt":"2019-06-12T16:14:33","guid":{"rendered":"https:\/\/sinpes.org.br\/site\/?p=2609"},"modified":"2019-06-12T13:14:33","modified_gmt":"2019-06-12T16:14:33","slug":"sinpes-convoca-para-greve-geral-do-dia-14-de-junho","status":"publish","type":"post","link":"https:\/\/sinpes.org.br\/site\/sinpes-convoca-para-greve-geral-do-dia-14-de-junho\/","title":{"rendered":"Sinpes convoca para Greve Geral do dia 14 de junho"},"content":{"rendered":"<p>O Sindicato dos Professores de Ensino Superior de Curitiba e Regi\u00e3o Metropolitana convoca os docentes a participarem da grande Greve Nacional do pr\u00f3ximo dia 14 de junho. Na luta contra a Proposta de Reforma da Previd\u00eancia, pela defesa da Educa\u00e7\u00e3o, contra o fim dos direitos sociais e pela gera\u00e7\u00e3o de emprego e renda diversas frentes sindicais e movimentos sociais e estudantis promover\u00e3o diversos atos em todo o pa\u00eds.<\/p>\n<p>Em Curitiba o principal ato acontecer\u00e1 \u00e0 partir das 11 h em frente ao Pal\u00e1cio Igua\u00e7u no Centro C\u00edvico. Depois a multid\u00e3o caminhar\u00e1 at\u00e9 a Pra\u00e7a Santos Andrade onde haver\u00e1 uma aula p\u00fablica \u00e0s 14 h e o encerramento acontecer\u00e1 na Boca Maldita.<\/p>\n<p>O Sinpes realizou uma assembleia com os professores no \u00faltimo dia 10\/06 onde foi aprovada ades\u00e3o \u00e0 Greve. Al\u00e9m disso o Sinpes encaminhou oficio ao Sinepe para que as universidades fossem avisadas sobre a ades\u00e3o dos docentes.<\/p>\n<p><a href=\"https:\/\/sinpes.org.br\/site\/wp-content\/uploads\/2019\/06\/64419195_2471686056174712_2618746430587666432_n.jpg\"><img loading=\"lazy\" decoding=\"async\" class=\"aligncenter size-full wp-image-2610\" src=\"https:\/\/sinpes.org.br\/site\/wp-content\/uploads\/2019\/06\/64419195_2471686056174712_2618746430587666432_n.jpg\" alt=\"\" width=\"940\" height=\"788\" srcset=\"https:\/\/sinpes.org.br\/site\/wp-content\/uploads\/2019\/06\/64419195_2471686056174712_2618746430587666432_n.jpg 940w, https:\/\/sinpes.org.br\/site\/wp-content\/uploads\/2019\/06\/64419195_2471686056174712_2618746430587666432_n-300x251.jpg 300w, https:\/\/sinpes.org.br\/site\/wp-content\/uploads\/2019\/06\/64419195_2471686056174712_2618746430587666432_n-768x644.jpg 768w\" sizes=\"auto, (max-width: 940px) 100vw, 940px\" \/><\/a><\/p>\n<!-- AddThis Advanced Settings generic via filter on the_content --><!-- AddThis Share Buttons generic via filter on the_content -->","protected":false},"excerpt":{"rendered":"<p>O Sindicato dos Professores de Ensino Superior de Curitiba e Regi\u00e3o Metropolitana convoca os docentes a participarem da grande Greve Nacional do pr\u00f3ximo dia 14 de junho. Na luta contra a Proposta de Reforma da Previd\u00eancia, pela defesa da Educa\u00e7\u00e3o, contra o fim dos direitos sociais e pela gera\u00e7\u00e3o de emprego e renda diversas frentes [&hellip;]<!-- AddThis Advanced Settings generic via filter on wp_trim_excerpt --><!-- AddThis Share Buttons generic via filter on wp_trim_excerpt --><\/p>\n","protected":false},"author":3,"featured_media":2610,"comment_status":"closed","ping_status":"open","sticky":false,"template":"","format":"standard","meta":{"footnotes":""},"categories":[7,18],"tags":[367,348,83,117],"class_list":["post-2609","post","type-post","status-publish","format-standard","has-post-thumbnail","hentry","category-arquivo-de-noticias","category-destaque","tag-14-de-junho","tag-educacao","tag-greve","tag-greve-geral"],"_links":{"self":[{"href":"https:\/\/sinpes.org.br\/site\/wp-json\/wp\/v2\/posts\/2609","targetHints":{"allow":["GET"]}}],"collection":[{"href":"https:\/\/sinpes.org.br\/site\/wp-json\/wp\/v2\/posts"}],"about":[{"href":"https:\/\/sinpes.org.br\/site\/wp-json\/wp\/v2\/types\/post"}],"author":[{"embeddable":true,"href":"https:\/\/sinpes.org.br\/site\/wp-json\/wp\/v2\/users\/3"}],"replies":[{"embeddable":true,"href":"https:\/\/sinpes.org.br\/site\/wp-json\/wp\/v2\/comments?post=2609"}],"version-history":[{"count":1,"href":"https:\/\/sinpes.org.br\/site\/wp-json\/wp\/v2\/posts\/2609\/revisions"}],"predecessor-version":[{"id":2611,"href":"https:\/\/sinpes.org.br\/site\/wp-json\/wp\/v2\/posts\/2609\/revisions\/2611"}],"wp:featuredmedia":[{"embeddable":true,"href":"https:\/\/sinpes.org.br\/site\/wp-json\/wp\/v2\/media\/2610"}],"wp:attachment":[{"href":"https:\/\/sinpes.org.br\/site\/wp-json\/wp\/v2\/media?parent=2609"}],"wp:term":[{"taxonomy":"category","embeddable":true,"href":"https:\/\/sinpes.org.br\/site\/wp-json\/wp\/v2\/categories?post=2609"},{"taxonomy":"post_tag","embeddable":true,"href":"https:\/\/sinpes.org.br\/site\/wp-json\/wp\/v2\/tags?post=2609"}],"curies":[{"name":"wp","href":"https:\/\/api.w.org\/{rel}","templated":true}]}}