{"id":2605,"date":"2019-06-05T14:01:04","date_gmt":"2019-06-05T17:01:04","guid":{"rendered":"https:\/\/sinpes.org.br\/site\/?p=2605"},"modified":"2019-06-05T14:01:04","modified_gmt":"2019-06-05T17:01:04","slug":"sinpes-convoca-para-assembleia-geral","status":"publish","type":"post","link":"https:\/\/sinpes.org.br\/site\/sinpes-convoca-para-assembleia-geral\/","title":{"rendered":"Sinpes convoca para Assembleia Geral"},"content":{"rendered":"<p><a href=\"https:\/\/sinpes.org.br\/site\/wp-content\/uploads\/2019\/06\/SINPES-convoca-para-Assembleia-Geral.jpg\"><img loading=\"lazy\" decoding=\"async\" class=\"aligncenter  wp-image-2606\" src=\"https:\/\/sinpes.org.br\/site\/wp-content\/uploads\/2019\/06\/SINPES-convoca-para-Assembleia-Geral.jpg\" alt=\"\" width=\"697\" height=\"585\" srcset=\"https:\/\/sinpes.org.br\/site\/wp-content\/uploads\/2019\/06\/SINPES-convoca-para-Assembleia-Geral.jpg 940w, https:\/\/sinpes.org.br\/site\/wp-content\/uploads\/2019\/06\/SINPES-convoca-para-Assembleia-Geral-300x251.jpg 300w, https:\/\/sinpes.org.br\/site\/wp-content\/uploads\/2019\/06\/SINPES-convoca-para-Assembleia-Geral-768x644.jpg 768w\" sizes=\"auto, (max-width: 697px) 100vw, 697px\" \/><\/a><\/p>\n<p>O SINPES \u2013 Sindicato dos Professores de Ensino Superior de Curitiba e Regi\u00e3o Metropolitana \u2013 convoca a categoria para Assembleia Geral a ser realizada no dia 10 de junho de 2019 \u00e0s 18h00min em primeira convoca\u00e7\u00e3o e 18h30mim em segunda convoca\u00e7\u00e3o, no edif\u00edcio-sede do sindicato situada na Rua Marechal Deodoro 869, quando ser\u00e1 discutida a seguinte ordem do dia:<\/p>\n<p>&#8211; Ades\u00e3o dos professores do ensino superior representados pelo SINPES \u00e0 greve geral do dia 14 de junho de 2019;<\/p>\n<p>&#8211; Estrat\u00e9gias para sensibilizar e mobilizar a categoria no tocante ao movimento;<\/p>\n<p>&#8211; Assuntos Gerais.<\/p>\n<!-- AddThis Advanced Settings generic via filter on the_content --><!-- AddThis Share Buttons generic via filter on the_content -->","protected":false},"excerpt":{"rendered":"<p>O SINPES \u2013 Sindicato dos Professores de Ensino Superior de Curitiba e Regi\u00e3o Metropolitana \u2013 convoca a categoria para Assembleia Geral a ser realizada no dia 10 de junho de 2019 \u00e0s 18h00min em primeira convoca\u00e7\u00e3o e 18h30mim em segunda convoca\u00e7\u00e3o, no edif\u00edcio-sede do sindicato situada na Rua Marechal Deodoro 869, quando ser\u00e1 discutida a [&hellip;]<!-- AddThis Advanced Settings generic via filter on wp_trim_excerpt --><!-- AddThis Share Buttons generic via filter on wp_trim_excerpt --><\/p>\n","protected":false},"author":3,"featured_media":2606,"comment_status":"closed","ping_status":"open","sticky":false,"template":"","format":"standard","meta":{"footnotes":""},"categories":[7,18],"tags":[305,60,83,117],"class_list":["post-2605","post","type-post","status-publish","format-standard","has-post-thumbnail","hentry","category-arquivo-de-noticias","category-destaque","tag-assembleia","tag-assembleia-geral","tag-greve","tag-greve-geral"],"_links":{"self":[{"href":"https:\/\/sinpes.org.br\/site\/wp-json\/wp\/v2\/posts\/2605","targetHints":{"allow":["GET"]}}],"collection":[{"href":"https:\/\/sinpes.org.br\/site\/wp-json\/wp\/v2\/posts"}],"about":[{"href":"https:\/\/sinpes.org.br\/site\/wp-json\/wp\/v2\/types\/post"}],"author":[{"embeddable":true,"href":"https:\/\/sinpes.org.br\/site\/wp-json\/wp\/v2\/users\/3"}],"replies":[{"embeddable":true,"href":"https:\/\/sinpes.org.br\/site\/wp-json\/wp\/v2\/comments?post=2605"}],"version-history":[{"count":1,"href":"https:\/\/sinpes.org.br\/site\/wp-json\/wp\/v2\/posts\/2605\/revisions"}],"predecessor-version":[{"id":2607,"href":"https:\/\/sinpes.org.br\/site\/wp-json\/wp\/v2\/posts\/2605\/revisions\/2607"}],"wp:featuredmedia":[{"embeddable":true,"href":"https:\/\/sinpes.org.br\/site\/wp-json\/wp\/v2\/media\/2606"}],"wp:attachment":[{"href":"https:\/\/sinpes.org.br\/site\/wp-json\/wp\/v2\/media?parent=2605"}],"wp:term":[{"taxonomy":"category","embeddable":true,"href":"https:\/\/sinpes.org.br\/site\/wp-json\/wp\/v2\/categories?post=2605"},{"taxonomy":"post_tag","embeddable":true,"href":"https:\/\/sinpes.org.br\/site\/wp-json\/wp\/v2\/tags?post=2605"}],"curies":[{"name":"wp","href":"https:\/\/api.w.org\/{rel}","templated":true}]}}