{"id":2596,"date":"2019-05-27T11:10:21","date_gmt":"2019-05-27T14:10:21","guid":{"rendered":"https:\/\/sinpes.org.br\/site\/?p=2596"},"modified":"2019-05-27T11:10:21","modified_gmt":"2019-05-27T14:10:21","slug":"sinpes-recebe-representantes-da-universidade-positivo-para-tratar-sobre-demandas-dos-professores","status":"publish","type":"post","link":"https:\/\/sinpes.org.br\/site\/sinpes-recebe-representantes-da-universidade-positivo-para-tratar-sobre-demandas-dos-professores\/","title":{"rendered":"Sinpes recebe representantes da Universidade Positivo para tratar sobre demandas dos professores"},"content":{"rendered":"<p><a href=\"https:\/\/sinpes.org.br\/site\/wp-content\/uploads\/2019\/05\/WhatsApp-Image-2019-05-27-at-11.08.24.jpeg\"><img loading=\"lazy\" decoding=\"async\" class=\"aligncenter  wp-image-2597\" src=\"https:\/\/sinpes.org.br\/site\/wp-content\/uploads\/2019\/05\/WhatsApp-Image-2019-05-27-at-11.08.24.jpeg\" alt=\"\" width=\"736\" height=\"552\" srcset=\"https:\/\/sinpes.org.br\/site\/wp-content\/uploads\/2019\/05\/WhatsApp-Image-2019-05-27-at-11.08.24.jpeg 1280w, https:\/\/sinpes.org.br\/site\/wp-content\/uploads\/2019\/05\/WhatsApp-Image-2019-05-27-at-11.08.24-300x225.jpeg 300w, https:\/\/sinpes.org.br\/site\/wp-content\/uploads\/2019\/05\/WhatsApp-Image-2019-05-27-at-11.08.24-768x576.jpeg 768w, https:\/\/sinpes.org.br\/site\/wp-content\/uploads\/2019\/05\/WhatsApp-Image-2019-05-27-at-11.08.24-1024x768.jpeg 1024w\" sizes=\"auto, (max-width: 736px) 100vw, 736px\" \/><\/a><\/p>\n<p>A diretoria do Sinpes se reuniu na manh\u00e3 desta quinta-feira (23) com representantes da Universidade Positivo na sede do Sindicato. O Sinpes aguardava a presen\u00e7a de Jos\u00e9 Pio Martins \u2013 Reitor da Universidade. Entretanto a institui\u00e7\u00e3o foi representada pelo seu gerente de Recursos Humanos, Breno Dantas, e por Gabriel Brand da Silva, do setor jur\u00eddico.<\/p>\n<p>A reuni\u00e3o foi solicitada pelo Sinpes para discutir, entre outros temas, o congelamento do plano de cargos e sal\u00e1rios; demiss\u00f5es durante o decorrer do semestre letivo; redu\u00e7\u00e3o de carga hor\u00e1ria na gradua\u00e7\u00e3o e na especializa\u00e7\u00e3o; projetos de Inicia\u00e7\u00e3o Cient\u00edfica; diferencia\u00e7\u00e3o de pagamento da remunera\u00e7\u00e3o; acesso \u00e0s pesquisas sobre satisfa\u00e7\u00e3o; regras da <em>compliance<\/em> e reclama\u00e7\u00f5es por falta de clareza nos holerites dos professores.<\/p>\n<p>A aus\u00eancia do Professor Pio Martins fez com que a discuss\u00e3o se limitasse \u00e0s reivindica\u00e7\u00f5es dos professores no sentido de que se ampliassem os servi\u00e7os do setor de recursos humanos para elucidar d\u00favidas e esclarecer registros feitos nos holerites dos docentes.<\/p>\n<p>Sobre esse tema, Bernardo Dantas ressaltou que a UP est\u00e1 \u00e0 disposi\u00e7\u00e3o para esclarecer todas as d\u00favidas e que o RH tem recebido os professores para ajudar nas dificuldades de interpreta\u00e7\u00e3o que possam existir nos holerites. Para isso o gerente do RH disponibilizou o telefone (41) 3317-3040 para que os empregados da Positivo possam entrar em contato a fim de obter esclarecimentos com maior rapidez. Prometeu estudar o pleito dos educadores a fim de que sejam organizados plant\u00f5es nas salas dos professores na semana subsequente \u00e0 emiss\u00e3o dos holerites para a elucida\u00e7\u00e3o das d\u00favidas existentes.<\/p>\n<p>O Sinpes achou melhor postergar os demais assuntos para nova reuni\u00e3o em que seja confirmada a presen\u00e7a do Professor Pio Martins, comprometendo-se a encaminhar of\u00edcio nesse sentido com a pauta dos assuntos a serem abordados.<\/p>\n<!-- AddThis Advanced Settings generic via filter on the_content --><!-- AddThis Share Buttons generic via filter on the_content -->","protected":false},"excerpt":{"rendered":"<p>A diretoria do Sinpes se reuniu na manh\u00e3 desta quinta-feira (23) com representantes da Universidade Positivo na sede do Sindicato. O Sinpes aguardava a presen\u00e7a de Jos\u00e9 Pio Martins \u2013 Reitor da Universidade. Entretanto a institui\u00e7\u00e3o foi representada pelo seu gerente de Recursos Humanos, Breno Dantas, e por Gabriel Brand da Silva, do setor jur\u00eddico. [&hellip;]<!-- AddThis Advanced Settings generic via filter on wp_trim_excerpt --><!-- AddThis Share Buttons generic via filter on wp_trim_excerpt --><\/p>\n","protected":false},"author":3,"featured_media":2597,"comment_status":"closed","ping_status":"open","sticky":false,"template":"","format":"standard","meta":{"footnotes":""},"categories":[7,18,175],"tags":[365,366,283,364,198],"class_list":["post-2596","post","type-post","status-publish","format-standard","has-post-thumbnail","hentry","category-arquivo-de-noticias","category-destaque","category-positivo","tag-demandas","tag-demissoes","tag-holerites","tag-reuniao","tag-universidade-positivo"],"_links":{"self":[{"href":"https:\/\/sinpes.org.br\/site\/wp-json\/wp\/v2\/posts\/2596","targetHints":{"allow":["GET"]}}],"collection":[{"href":"https:\/\/sinpes.org.br\/site\/wp-json\/wp\/v2\/posts"}],"about":[{"href":"https:\/\/sinpes.org.br\/site\/wp-json\/wp\/v2\/types\/post"}],"author":[{"embeddable":true,"href":"https:\/\/sinpes.org.br\/site\/wp-json\/wp\/v2\/users\/3"}],"replies":[{"embeddable":true,"href":"https:\/\/sinpes.org.br\/site\/wp-json\/wp\/v2\/comments?post=2596"}],"version-history":[{"count":1,"href":"https:\/\/sinpes.org.br\/site\/wp-json\/wp\/v2\/posts\/2596\/revisions"}],"predecessor-version":[{"id":2598,"href":"https:\/\/sinpes.org.br\/site\/wp-json\/wp\/v2\/posts\/2596\/revisions\/2598"}],"wp:featuredmedia":[{"embeddable":true,"href":"https:\/\/sinpes.org.br\/site\/wp-json\/wp\/v2\/media\/2597"}],"wp:attachment":[{"href":"https:\/\/sinpes.org.br\/site\/wp-json\/wp\/v2\/media?parent=2596"}],"wp:term":[{"taxonomy":"category","embeddable":true,"href":"https:\/\/sinpes.org.br\/site\/wp-json\/wp\/v2\/categories?post=2596"},{"taxonomy":"post_tag","embeddable":true,"href":"https:\/\/sinpes.org.br\/site\/wp-json\/wp\/v2\/tags?post=2596"}],"curies":[{"name":"wp","href":"https:\/\/api.w.org\/{rel}","templated":true}]}}