{"id":2593,"date":"2019-05-27T10:25:13","date_gmt":"2019-05-27T13:25:13","guid":{"rendered":"https:\/\/sinpes.org.br\/site\/?p=2593"},"modified":"2019-06-03T14:01:08","modified_gmt":"2019-06-03T17:01:08","slug":"sinpes-realiza-reuniao-com-professores-ead","status":"publish","type":"post","link":"https:\/\/sinpes.org.br\/site\/sinpes-realiza-reuniao-com-professores-ead\/","title":{"rendered":"Sinpes realiza reuni\u00e3o com professores EAD"},"content":{"rendered":"<p><a href=\"https:\/\/sinpes.org.br\/site\/wp-content\/uploads\/2019\/05\/17-5_1.jpg\"><img loading=\"lazy\" decoding=\"async\" class=\"aligncenter size-full wp-image-2594\" src=\"https:\/\/sinpes.org.br\/site\/wp-content\/uploads\/2019\/05\/17-5_1.jpg\" alt=\"\" width=\"400\" height=\"300\" srcset=\"https:\/\/sinpes.org.br\/site\/wp-content\/uploads\/2019\/05\/17-5_1.jpg 400w, https:\/\/sinpes.org.br\/site\/wp-content\/uploads\/2019\/05\/17-5_1-300x225.jpg 300w\" sizes=\"auto, (max-width: 400px) 100vw, 400px\" \/><\/a><\/p>\n<p>No s\u00e1bado, dia 18.05.2019 foi realizada, na sede do Sinpes, uma reuni\u00e3o com professores que atuam na modalidade Ensino a Dist\u00e2ncia (EAD). O encontro serviu para discutir a cria\u00e7\u00e3o de cl\u00e1usulas espec\u00edficas destinadas a regular essa sistem\u00e1tica de ensino. O sindicato patronal colocou como pressuposto para a celebra\u00e7\u00e3o da Conven\u00e7\u00e3o Coletiva 2018\/2019 a regulamenta\u00e7\u00e3o do trabalho a dist\u00e2ncia e ningu\u00e9m melhor do que quem trabalha nessa atividade para orientar os dirigentes do Sinpes a prop\u00f3sito da postura que deve ser adotada na defesa destes professores, v\u00edtimas desenfreadas da precariza\u00e7\u00e3o do ensino neste setor.<\/p>\n<p>Na reuni\u00e3o os professores destacaram suas demandas e ressaltaram a necessidade de manter um di\u00e1logo constante com o Sinpes na inten\u00e7\u00e3o de melhorar suas condi\u00e7\u00f5es de trabalho, posicionando-se no sentido de que as regras do ensino a dist\u00e2ncia devem se aproximar o m\u00e1ximo poss\u00edvel das normas do ensino presencial, respeitadas as peculiaridades de um e de outro sistema de ensino.<\/p>\n<p>O Sinpes, atendendo a solicita\u00e7\u00e3o dos docentes que puderam participar desse primeiro encontro realizar\u00e1 em breve uma nova reuni\u00e3o aberta para discutir o tema, aprofundando cada uma das especificidades tais como a regula\u00e7\u00e3o das fun\u00e7\u00f5es de tutor e de monitor e o reconhecimento de que esses profissionais exercem a fun\u00e7\u00e3o de docentes do ensino superior, por exemplo.<\/p>\n<p>Acompanhe as atualiza\u00e7\u00f5es sobre o tema no nosso site e nas nossas redes sociais e encaminhe suas demandas e sugest\u00f5es para <a href=\"mailto:comunicacao@sinpes.org.br\">comunicacao@sinpes.org.br<\/a><\/p>\n<!-- AddThis Advanced Settings generic via filter on the_content --><!-- AddThis Share Buttons generic via filter on the_content -->","protected":false},"excerpt":{"rendered":"<p>No s\u00e1bado, dia 18.05.2019 foi realizada, na sede do Sinpes, uma reuni\u00e3o com professores que atuam na modalidade Ensino a Dist\u00e2ncia (EAD). O encontro serviu para discutir a cria\u00e7\u00e3o de cl\u00e1usulas espec\u00edficas destinadas a regular essa sistem\u00e1tica de ensino. O sindicato patronal colocou como pressuposto para a celebra\u00e7\u00e3o da Conven\u00e7\u00e3o Coletiva 2018\/2019 a regulamenta\u00e7\u00e3o do [&hellip;]<!-- AddThis Advanced Settings generic via filter on wp_trim_excerpt --><!-- AddThis Share Buttons generic via filter on wp_trim_excerpt --><\/p>\n","protected":false},"author":3,"featured_media":2594,"comment_status":"closed","ping_status":"open","sticky":false,"template":"","format":"standard","meta":{"footnotes":""},"categories":[7,18],"tags":[334,360,22,364],"class_list":["post-2593","post","type-post","status-publish","format-standard","has-post-thumbnail","hentry","category-arquivo-de-noticias","category-destaque","tag-convencao-coletiva-de-trabalho","tag-ead","tag-professores","tag-reuniao"],"_links":{"self":[{"href":"https:\/\/sinpes.org.br\/site\/wp-json\/wp\/v2\/posts\/2593","targetHints":{"allow":["GET"]}}],"collection":[{"href":"https:\/\/sinpes.org.br\/site\/wp-json\/wp\/v2\/posts"}],"about":[{"href":"https:\/\/sinpes.org.br\/site\/wp-json\/wp\/v2\/types\/post"}],"author":[{"embeddable":true,"href":"https:\/\/sinpes.org.br\/site\/wp-json\/wp\/v2\/users\/3"}],"replies":[{"embeddable":true,"href":"https:\/\/sinpes.org.br\/site\/wp-json\/wp\/v2\/comments?post=2593"}],"version-history":[{"count":1,"href":"https:\/\/sinpes.org.br\/site\/wp-json\/wp\/v2\/posts\/2593\/revisions"}],"predecessor-version":[{"id":2595,"href":"https:\/\/sinpes.org.br\/site\/wp-json\/wp\/v2\/posts\/2593\/revisions\/2595"}],"wp:featuredmedia":[{"embeddable":true,"href":"https:\/\/sinpes.org.br\/site\/wp-json\/wp\/v2\/media\/2594"}],"wp:attachment":[{"href":"https:\/\/sinpes.org.br\/site\/wp-json\/wp\/v2\/media?parent=2593"}],"wp:term":[{"taxonomy":"category","embeddable":true,"href":"https:\/\/sinpes.org.br\/site\/wp-json\/wp\/v2\/categories?post=2593"},{"taxonomy":"post_tag","embeddable":true,"href":"https:\/\/sinpes.org.br\/site\/wp-json\/wp\/v2\/tags?post=2593"}],"curies":[{"name":"wp","href":"https:\/\/api.w.org\/{rel}","templated":true}]}}