{"id":2567,"date":"2019-05-14T12:54:11","date_gmt":"2019-05-14T15:54:11","guid":{"rendered":"https:\/\/sinpes.org.br\/site\/?p=2567"},"modified":"2019-06-03T14:01:47","modified_gmt":"2019-06-03T17:01:47","slug":"sinpes-convoca-professores-de-ead-para-reuniao-aberta-no-dia-18-05","status":"publish","type":"post","link":"https:\/\/sinpes.org.br\/site\/sinpes-convoca-professores-de-ead-para-reuniao-aberta-no-dia-18-05\/","title":{"rendered":"SINPES convoca professores de EAD para Reuni\u00e3o Aberta no dia 18\/05"},"content":{"rendered":"<p><a href=\"https:\/\/sinpes.org.br\/site\/wp-content\/uploads\/2019\/05\/Assembleia-Professores-EAD.jpg\"><img loading=\"lazy\" decoding=\"async\" class=\"aligncenter wp-image-2568\" src=\"https:\/\/sinpes.org.br\/site\/wp-content\/uploads\/2019\/05\/Assembleia-Professores-EAD.jpg\" alt=\"\" width=\"683\" height=\"573\" srcset=\"https:\/\/sinpes.org.br\/site\/wp-content\/uploads\/2019\/05\/Assembleia-Professores-EAD.jpg 940w, https:\/\/sinpes.org.br\/site\/wp-content\/uploads\/2019\/05\/Assembleia-Professores-EAD-300x251.jpg 300w, https:\/\/sinpes.org.br\/site\/wp-content\/uploads\/2019\/05\/Assembleia-Professores-EAD-768x644.jpg 768w\" sizes=\"auto, (max-width: 683px) 100vw, 683px\" \/><\/a><\/p>\n<p>O Sinpes convoca os professores que trabalham no modelo EAD para Reuni\u00e3o Aberta que tem como finalidade debater as especificidades\u00a0 do Ensino a Dist\u00e2ncia e colher sugest\u00f5es para que se formule texto a ser debatido com os empregadores na inten\u00e7\u00e3o de garantir direitos e boas condi\u00e7\u00f5es de trabalho para os docentes.<\/p>\n<p>Os empregadores da rede particular de ensino de Curitiba, por meio de seu sindicato de classe, o SINEPE, estabeleceram uma condi\u00e7\u00e3o para a assinatura da CCT 2018\/2019: a elabora\u00e7\u00e3o de uma Conven\u00e7\u00e3o Coletiva Espec\u00edfica sobre o trabalho dos professores que atuam no Ensino a Dist\u00e2ncia (EAD).<\/p>\n<p>Hoje as regras para Presencial e EAD s\u00e3o as mesmas.<\/p>\n<p>O SINPES est\u00e1 disposto a negociar considerando as peculiaridades e especificidades do ensino a dist\u00e2ncia. Mas n\u00e3o abre m\u00e3o da preserva\u00e7\u00e3o dos direitos dos trabalhadores nem de condi\u00e7\u00f5es de trabalho dignas.<\/p>\n<p>A confirmar-se a impress\u00e3o de que os empregadores pretendem sucatear ainda mais o trabalho dos docentes que laboram no \u00e2mbito do trabalho a dist\u00e2ncia, \u00e9 poss\u00edvel configurar-se impasse capaz de postergar em muitos meses a celebra\u00e7\u00e3o da CCT 2018\/2019, prorrogando-se indefinidamente o reajuste salarial que deveria ter ocorrido no m\u00eas de fevereiro do corrente ano.<\/p>\n<p>Para elabora\u00e7\u00e3o de uma proposta de conven\u00e7\u00e3o coletiva que respeite os interesses dos professores o SINPES convoca uma Reuni\u00e3o Aberta aos interessados para que contribuam com essa empreitada para o dia 18\/05.<\/p>\n<p>Na oportunidade ser\u00e3o discutidas as peculiaridades do Ensino a Dist\u00e2ncia, assim como colhidas sugest\u00f5es para que se formule texto a ser debatido com os empregadores.<\/p>\n<p>A Reuni\u00e3o acontecer\u00e1 \u00e0s 10 h no Edif\u00edcio sede do SINPES, na Rua Marechal Deodoro 869 Centro \u2013 Curitiba.<\/p>\n<p>Mais informa\u00e7\u00f5es pelos telefones (41) 3225-1041\/ 3323-6867 e pelo e-mail<\/p>\n<p><a href=\"mailto:comunicacao@sinpes.org.br\">comunicacao@sinpes.org.br<\/a><\/p>\n<p>&nbsp;<\/p>\n<!-- AddThis Advanced Settings generic via filter on the_content --><!-- AddThis Share Buttons generic via filter on the_content -->","protected":false},"excerpt":{"rendered":"<p>O Sinpes convoca os professores que trabalham no modelo EAD para Reuni\u00e3o Aberta que tem como finalidade debater as especificidades\u00a0 do Ensino a Dist\u00e2ncia e colher sugest\u00f5es para que se formule texto a ser debatido com os empregadores na inten\u00e7\u00e3o de garantir direitos e boas condi\u00e7\u00f5es de trabalho para os docentes. Os empregadores da rede [&hellip;]<!-- AddThis Advanced Settings generic via filter on wp_trim_excerpt --><!-- AddThis Share Buttons generic via filter on wp_trim_excerpt --><\/p>\n","protected":false},"author":3,"featured_media":2568,"comment_status":"closed","ping_status":"open","sticky":false,"template":"","format":"standard","meta":{"footnotes":""},"categories":[7,18],"tags":[80,360,22,361],"class_list":["post-2567","post","type-post","status-publish","format-standard","has-post-thumbnail","hentry","category-arquivo-de-noticias","category-destaque","tag-convocacao","tag-ead","tag-professores","tag-reuniao-aberta"],"_links":{"self":[{"href":"https:\/\/sinpes.org.br\/site\/wp-json\/wp\/v2\/posts\/2567","targetHints":{"allow":["GET"]}}],"collection":[{"href":"https:\/\/sinpes.org.br\/site\/wp-json\/wp\/v2\/posts"}],"about":[{"href":"https:\/\/sinpes.org.br\/site\/wp-json\/wp\/v2\/types\/post"}],"author":[{"embeddable":true,"href":"https:\/\/sinpes.org.br\/site\/wp-json\/wp\/v2\/users\/3"}],"replies":[{"embeddable":true,"href":"https:\/\/sinpes.org.br\/site\/wp-json\/wp\/v2\/comments?post=2567"}],"version-history":[{"count":3,"href":"https:\/\/sinpes.org.br\/site\/wp-json\/wp\/v2\/posts\/2567\/revisions"}],"predecessor-version":[{"id":2571,"href":"https:\/\/sinpes.org.br\/site\/wp-json\/wp\/v2\/posts\/2567\/revisions\/2571"}],"wp:featuredmedia":[{"embeddable":true,"href":"https:\/\/sinpes.org.br\/site\/wp-json\/wp\/v2\/media\/2568"}],"wp:attachment":[{"href":"https:\/\/sinpes.org.br\/site\/wp-json\/wp\/v2\/media?parent=2567"}],"wp:term":[{"taxonomy":"category","embeddable":true,"href":"https:\/\/sinpes.org.br\/site\/wp-json\/wp\/v2\/categories?post=2567"},{"taxonomy":"post_tag","embeddable":true,"href":"https:\/\/sinpes.org.br\/site\/wp-json\/wp\/v2\/tags?post=2567"}],"curies":[{"name":"wp","href":"https:\/\/api.w.org\/{rel}","templated":true}]}}