{"id":2555,"date":"2019-05-10T13:27:00","date_gmt":"2019-05-10T16:27:00","guid":{"rendered":"https:\/\/sinpes.org.br\/site\/?p=2555"},"modified":"2019-05-10T13:27:00","modified_gmt":"2019-05-10T16:27:00","slug":"sinpes-convoca-para-grande-paralisacao-do-dia-15-05","status":"publish","type":"post","link":"https:\/\/sinpes.org.br\/site\/sinpes-convoca-para-grande-paralisacao-do-dia-15-05\/","title":{"rendered":"SINPES convoca para grande paralisa\u00e7\u00e3o do dia 15\/05"},"content":{"rendered":"<p><a href=\"https:\/\/sinpes.org.br\/site\/wp-content\/uploads\/2019\/05\/SINPES-convoca-para-a-Grande-Paralisa\u00e7\u00e3o-da-Educa\u00e7\u00e3o-do-dia-15_05.png\"><img loading=\"lazy\" decoding=\"async\" class=\"aligncenter  wp-image-2556\" src=\"https:\/\/sinpes.org.br\/site\/wp-content\/uploads\/2019\/05\/SINPES-convoca-para-a-Grande-Paralisa\u00e7\u00e3o-da-Educa\u00e7\u00e3o-do-dia-15_05.png\" alt=\"\" width=\"702\" height=\"589\" srcset=\"https:\/\/sinpes.org.br\/site\/wp-content\/uploads\/2019\/05\/SINPES-convoca-para-a-Grande-Paralisa\u00e7\u00e3o-da-Educa\u00e7\u00e3o-do-dia-15_05.png 940w, https:\/\/sinpes.org.br\/site\/wp-content\/uploads\/2019\/05\/SINPES-convoca-para-a-Grande-Paralisa\u00e7\u00e3o-da-Educa\u00e7\u00e3o-do-dia-15_05-300x251.png 300w, https:\/\/sinpes.org.br\/site\/wp-content\/uploads\/2019\/05\/SINPES-convoca-para-a-Grande-Paralisa\u00e7\u00e3o-da-Educa\u00e7\u00e3o-do-dia-15_05-768x644.png 768w\" sizes=\"auto, (max-width: 702px) 100vw, 702px\" \/><\/a><\/p>\n<p>Na pr\u00f3xima quarta-feira (15\/05) profissionais da educa\u00e7\u00e3o do setor p\u00fablico e privado realizar\u00e3o uma paralisa\u00e7\u00e3o nacional em todo o Brasil. O ato \u00e9 contra a Reforma da Previd\u00eancia e o congelamento de verbas da educa\u00e7\u00e3o, propostas do governo Jair Bolsonaro. As a\u00e7\u00f5es contar\u00e3o com movimentos sociais e tamb\u00e9m sindicatos no que se caracterizar\u00e1 como um \u201cdia nacional de luta\u201d e tamb\u00e9m uma prepara\u00e7\u00e3o para uma grande greve nacional a ser deflagrada no pr\u00f3ximo dia 14 de junho.<\/p>\n<p>O SINPES \u2013 Sindicato dos Professores Universit\u00e1rios de Curitiba e Regi\u00e3o Metropolitana, participar\u00e1 da paralisa\u00e7\u00e3o em apoio aos profissionais das universidades privadas que, assim como o restante da popula\u00e7\u00e3o brasileira, ser\u00e3o prejudicados caso a Reforma da Previd\u00eancia seja aprovada e tamb\u00e9m prestando solidariedade aos estudantes e profissionais da rede p\u00fablica que sofrem neste momento constantes ataques por meio do bloqueio de verbas.<\/p>\n<p>Portanto, o SINPES convoca os colegas professores das institui\u00e7\u00f5es de ensino privado para participar desta grande paralisa\u00e7\u00e3o. Vamos todos somar neste coro de vozes contra a Reforma da Previd\u00eancia e contra os cortes de verbas orquestrados pelo governo de Jair Bolsonaro.<\/p>\n<p>Sinpes, assim!<\/p>\n<!-- AddThis Advanced Settings generic via filter on the_content --><!-- AddThis Share Buttons generic via filter on the_content -->","protected":false},"excerpt":{"rendered":"<p>Na pr\u00f3xima quarta-feira (15\/05) profissionais da educa\u00e7\u00e3o do setor p\u00fablico e privado realizar\u00e3o uma paralisa\u00e7\u00e3o nacional em todo o Brasil. O ato \u00e9 contra a Reforma da Previd\u00eancia e o congelamento de verbas da educa\u00e7\u00e3o, propostas do governo Jair Bolsonaro. As a\u00e7\u00f5es contar\u00e3o com movimentos sociais e tamb\u00e9m sindicatos no que se caracterizar\u00e1 como um [&hellip;]<!-- AddThis Advanced Settings generic via filter on wp_trim_excerpt --><!-- AddThis Share Buttons generic via filter on wp_trim_excerpt --><\/p>\n","protected":false},"author":3,"featured_media":2556,"comment_status":"closed","ping_status":"open","sticky":false,"template":"","format":"standard","meta":{"footnotes":""},"categories":[7,18],"tags":[80,83,186,21,355],"class_list":["post-2555","post","type-post","status-publish","format-standard","has-post-thumbnail","hentry","category-arquivo-de-noticias","category-destaque","tag-convocacao","tag-greve","tag-manifestacoes","tag-paralisacao","tag-reforma-da-previdencia"],"_links":{"self":[{"href":"https:\/\/sinpes.org.br\/site\/wp-json\/wp\/v2\/posts\/2555","targetHints":{"allow":["GET"]}}],"collection":[{"href":"https:\/\/sinpes.org.br\/site\/wp-json\/wp\/v2\/posts"}],"about":[{"href":"https:\/\/sinpes.org.br\/site\/wp-json\/wp\/v2\/types\/post"}],"author":[{"embeddable":true,"href":"https:\/\/sinpes.org.br\/site\/wp-json\/wp\/v2\/users\/3"}],"replies":[{"embeddable":true,"href":"https:\/\/sinpes.org.br\/site\/wp-json\/wp\/v2\/comments?post=2555"}],"version-history":[{"count":1,"href":"https:\/\/sinpes.org.br\/site\/wp-json\/wp\/v2\/posts\/2555\/revisions"}],"predecessor-version":[{"id":2557,"href":"https:\/\/sinpes.org.br\/site\/wp-json\/wp\/v2\/posts\/2555\/revisions\/2557"}],"wp:featuredmedia":[{"embeddable":true,"href":"https:\/\/sinpes.org.br\/site\/wp-json\/wp\/v2\/media\/2556"}],"wp:attachment":[{"href":"https:\/\/sinpes.org.br\/site\/wp-json\/wp\/v2\/media?parent=2555"}],"wp:term":[{"taxonomy":"category","embeddable":true,"href":"https:\/\/sinpes.org.br\/site\/wp-json\/wp\/v2\/categories?post=2555"},{"taxonomy":"post_tag","embeddable":true,"href":"https:\/\/sinpes.org.br\/site\/wp-json\/wp\/v2\/tags?post=2555"}],"curies":[{"name":"wp","href":"https:\/\/api.w.org\/{rel}","templated":true}]}}