{"id":2545,"date":"2019-05-06T11:53:06","date_gmt":"2019-05-06T14:53:06","guid":{"rendered":"https:\/\/sinpes.org.br\/site\/?p=2545"},"modified":"2019-05-06T11:53:06","modified_gmt":"2019-05-06T14:53:06","slug":"nota-de-repudio-contra-o-corte-de-verbas-nas-universidades-federais-do-brasil","status":"publish","type":"post","link":"https:\/\/sinpes.org.br\/site\/nota-de-repudio-contra-o-corte-de-verbas-nas-universidades-federais-do-brasil\/","title":{"rendered":"Nota de rep\u00fadio contra o corte de verbas nas Universidades Federais do Brasil"},"content":{"rendered":"<p><a href=\"https:\/\/sinpes.org.br\/site\/wp-content\/uploads\/2019\/05\/Federal.jpg\"><img loading=\"lazy\" decoding=\"async\" class=\"aligncenter  wp-image-2546\" src=\"https:\/\/sinpes.org.br\/site\/wp-content\/uploads\/2019\/05\/Federal.jpg\" alt=\"\" width=\"681\" height=\"383\" srcset=\"https:\/\/sinpes.org.br\/site\/wp-content\/uploads\/2019\/05\/Federal.jpg 960w, https:\/\/sinpes.org.br\/site\/wp-content\/uploads\/2019\/05\/Federal-300x169.jpg 300w, https:\/\/sinpes.org.br\/site\/wp-content\/uploads\/2019\/05\/Federal-768x432.jpg 768w\" sizes=\"auto, (max-width: 681px) 100vw, 681px\" \/><\/a><\/p>\n<p>O SINPES \u2013 Sindicato dos Professores do Ensino Superior de Curitiba e Regi\u00e3o Metropolitana &#8211; vem a p\u00fablico manifestar solidariedade a todas as Universidades Federais e tamb\u00e9m aos Institutos Federais, bem como a todas as comunidades acad\u00eamicas que os comp\u00f5em, que sofreram um corte de cerca de 30 % nos seus recursos por meio de uma iniciativa inconsequente do Governo Federal.<\/p>\n<p>A educa\u00e7\u00e3o p\u00fablica federal no Brasil sempre teve papel fundamental na manuten\u00e7\u00e3o da Democracia, na produ\u00e7\u00e3o de pesquisas cient\u00edficas que contribuem para a economia, soberania e o desenvolvimento do pa\u00eds e na forma\u00e7\u00e3o e aperfei\u00e7oamento de profissionais que trabalham nas mais diversas \u00e1reas do conhecimento. Dentre esses est\u00e3o milhares de professores do ensino superior que militam no ensino privado e devem seus conhecimentos e a excel\u00eancia do seu trabalho aos cursos de gradua\u00e7\u00e3o e de p\u00f3s-gradua\u00e7\u00e3o frequentados no \u00e2mbito do ensino p\u00fablico.<\/p>\n<p>Os recentes ataques \u00e0s universidades federais s\u00e3o reflexo do ultraliberalismo de vi\u00e9s autorit\u00e1rio que se instalou nas mais variadas inst\u00e2ncias do governo federal. Estas constantes ofensivas trazem graves preju\u00edzos para os profissionais que trabalham nas Universidades Federais bem como para a sociedade como um todo. E confirmam o alerta que o SINPES fez durante todo o ano passado sobre a import\u00e2ncia de voto consciente e politizado nas elei\u00e7\u00f5es de 2018.<\/p>\n<p>O desenvolvimento econ\u00f4mico e social de um pa\u00eds passa necessariamente pela qualidade dos profissionais que s\u00e3o formados em suas universidades. Os extremismos ideol\u00f3gicos, insuflados por profundo desconhecimento t\u00e9cnico e cient\u00edfico das pessoas que decidiram pelo corte or\u00e7ament\u00e1rio n\u00e3o pode colocar em risco a soberania nacional t\u00e3o fortalecida pela atua\u00e7\u00e3o das Universidades Federais nem lesar milhares de estudantes que tem nas universidades brasileiras a possibilidade de dias melhores.<\/p>\n<p>SINPES- Sindicato dos Professores do Ensino Superior de Curitiba e Regi\u00e3o Metropolitana.<\/p>\n<p>&nbsp;<\/p>\n<p>&nbsp;<\/p>\n<!-- AddThis Advanced Settings generic via filter on the_content --><!-- AddThis Share Buttons generic via filter on the_content -->","protected":false},"excerpt":{"rendered":"<p>O SINPES \u2013 Sindicato dos Professores do Ensino Superior de Curitiba e Regi\u00e3o Metropolitana &#8211; vem a p\u00fablico manifestar solidariedade a todas as Universidades Federais e tamb\u00e9m aos Institutos Federais, bem como a todas as comunidades acad\u00eamicas que os comp\u00f5em, que sofreram um corte de cerca de 30 % nos seus recursos por meio de [&hellip;]<!-- AddThis Advanced Settings generic via filter on wp_trim_excerpt --><!-- AddThis Share Buttons generic via filter on wp_trim_excerpt --><\/p>\n","protected":false},"author":3,"featured_media":2546,"comment_status":"closed","ping_status":"open","sticky":false,"template":"","format":"standard","meta":{"footnotes":""},"categories":[7,18],"tags":[349,348,350,351],"class_list":["post-2545","post","type-post","status-publish","format-standard","has-post-thumbnail","hentry","category-arquivo-de-noticias","category-destaque","tag-corte-de-verbas","tag-educacao","tag-federais","tag-ufpr"],"_links":{"self":[{"href":"https:\/\/sinpes.org.br\/site\/wp-json\/wp\/v2\/posts\/2545","targetHints":{"allow":["GET"]}}],"collection":[{"href":"https:\/\/sinpes.org.br\/site\/wp-json\/wp\/v2\/posts"}],"about":[{"href":"https:\/\/sinpes.org.br\/site\/wp-json\/wp\/v2\/types\/post"}],"author":[{"embeddable":true,"href":"https:\/\/sinpes.org.br\/site\/wp-json\/wp\/v2\/users\/3"}],"replies":[{"embeddable":true,"href":"https:\/\/sinpes.org.br\/site\/wp-json\/wp\/v2\/comments?post=2545"}],"version-history":[{"count":1,"href":"https:\/\/sinpes.org.br\/site\/wp-json\/wp\/v2\/posts\/2545\/revisions"}],"predecessor-version":[{"id":2547,"href":"https:\/\/sinpes.org.br\/site\/wp-json\/wp\/v2\/posts\/2545\/revisions\/2547"}],"wp:featuredmedia":[{"embeddable":true,"href":"https:\/\/sinpes.org.br\/site\/wp-json\/wp\/v2\/media\/2546"}],"wp:attachment":[{"href":"https:\/\/sinpes.org.br\/site\/wp-json\/wp\/v2\/media?parent=2545"}],"wp:term":[{"taxonomy":"category","embeddable":true,"href":"https:\/\/sinpes.org.br\/site\/wp-json\/wp\/v2\/categories?post=2545"},{"taxonomy":"post_tag","embeddable":true,"href":"https:\/\/sinpes.org.br\/site\/wp-json\/wp\/v2\/tags?post=2545"}],"curies":[{"name":"wp","href":"https:\/\/api.w.org\/{rel}","templated":true}]}}