{"id":2542,"date":"2019-05-06T09:47:34","date_gmt":"2019-05-06T12:47:34","guid":{"rendered":"https:\/\/sinpes.org.br\/site\/?p=2542"},"modified":"2019-07-29T13:44:08","modified_gmt":"2019-07-29T16:44:08","slug":"sinpes-e-facel-retomam-negociacoes","status":"publish","type":"post","link":"https:\/\/sinpes.org.br\/site\/sinpes-e-facel-retomam-negociacoes\/","title":{"rendered":"SINPES e FACEL retomam negocia\u00e7\u00f5es"},"content":{"rendered":"<p><a href=\"https:\/\/sinpes.org.br\/site\/wp-content\/uploads\/2019\/05\/WhatsApp-Image-2019-05-03-at-23.32.46.jpeg\"><img loading=\"lazy\" decoding=\"async\" class=\"aligncenter wp-image-2543\" src=\"https:\/\/sinpes.org.br\/site\/wp-content\/uploads\/2019\/05\/WhatsApp-Image-2019-05-03-at-23.32.46.jpeg\" alt=\"\" width=\"712\" height=\"534\" srcset=\"https:\/\/sinpes.org.br\/site\/wp-content\/uploads\/2019\/05\/WhatsApp-Image-2019-05-03-at-23.32.46.jpeg 1280w, https:\/\/sinpes.org.br\/site\/wp-content\/uploads\/2019\/05\/WhatsApp-Image-2019-05-03-at-23.32.46-300x225.jpeg 300w, https:\/\/sinpes.org.br\/site\/wp-content\/uploads\/2019\/05\/WhatsApp-Image-2019-05-03-at-23.32.46-768x576.jpeg 768w, https:\/\/sinpes.org.br\/site\/wp-content\/uploads\/2019\/05\/WhatsApp-Image-2019-05-03-at-23.32.46-1024x768.jpeg 1024w\" sizes=\"auto, (max-width: 712px) 100vw, 712px\" \/><\/a><\/p>\n<p>Ao retornarem ao trabalho, em cumprimento ao acordo celebrado na audi\u00eancia de Diss\u00eddio Coletivo de greve instaurada pelo SINPES contra a FACEL, os professores da institui\u00e7\u00e3o foram surpreendidos com o descumprimento do ajuste por parte da faculdade.<\/p>\n<p>Diversos professores grevistas foram impedidos de retornar ao trabalho e colocados de forma arbitr\u00e1ria em \u201clicen\u00e7a n\u00e3o remunerada\u201d, sob o pretexto de que esta seria uma solicita\u00e7\u00e3o dos pr\u00f3prios alunos.<\/p>\n<p>Assim, no \u00faltimo dia 17\/04, aconteceu, na sede da FACEL, uma reuni\u00e3o pedag\u00f3gica que deveria marcar o retorno ao trabalho de acordo com o ajuste homologado no TRT. No entanto, ao inv\u00e9s de apresentar o calend\u00e1rio de pagamento dos sal\u00e1rios atrasados e combinar com os professores a forma de reposi\u00e7\u00e3o dos dias em que os alunos permaneceram sem aulas, a faculdade anunciou que os estudantes teriam \u201csolicitado\u201d a perman\u00eancia dos docentes que foram contratados por 30 dias para substituir os grevistas em \u201cpesquisas de opini\u00e3o\u201d organizadas pelas coordena\u00e7\u00f5es.<\/p>\n<p>Nessas pesquisas, os alunos da FACEL foram induzidos a manifestarem-se contrariamente aos professores, raz\u00e3o pela qual o SINPES imediatamente fez uma peti\u00e7\u00e3o nos autos do Diss\u00eddio Coletivo anunciando o descumprimento do acordo e solicitando medidas judiciais que forcem a faculdade a cumprir o que foi ajustado.<\/p>\n<p>Al\u00e9m disso, outras irregularidades tamb\u00e9m foram noticiadas \u00e0 Desembargadora Relatora, encarregada do processo de Diss\u00eddio Coletivo de Greve, entre elas est\u00e3o:<\/p>\n<p>&#8211; Problemas na disponibiliza\u00e7\u00e3o de 2\/3 dos sal\u00e1rios no dia ajustado em face de dep\u00f3sito feito em cheque em conta corrente que n\u00e3o constou do acordo;<\/p>\n<p>&#8211; N\u00e3o apresenta\u00e7\u00e3o na reuni\u00e3o do dia 17.04.2019 o plano de pagamento dos sal\u00e1rios atrasados sob a equivocada alega\u00e7\u00e3o de que os coordenadores n\u00e3o teriam informado quais os sal\u00e1rios devidos nos meses de janeiro e fevereiro.<\/p>\n<p>Para resolver essas pend\u00eancias, representantes da FACEL e professores se reuniram na sede do SINPES no \u00faltimo dia 02. Na reuni\u00e3o a faculdade apresentou uma proposta para colocar fim, de forma definitiva, \u00e0s pend\u00eancias. As propostas s\u00e3o:<\/p>\n<p>1) A empregadora concorda em aproveitar imediatamente os professores grevistas mediante um processo de transi\u00e7\u00e3o com os atuais nas turmas em que hajam aulas;<\/p>\n<p>2) A Facel solicita que o SINPES identifique quais professores pretendem ser demitidos, os quais ser\u00e3o demitidos sem justa causa pela empregadora.<\/p>\n<p>3) A empregadora prop\u00f5e pagamento dos valores pendentes no prazo m\u00e1ximo de 5 anos, com mecanismo de antecipa\u00e7\u00e3o desse prazo a depender da quantidade dos alunos novos ingressantes.<\/p>\n<p>O Sinpes convocou assembleia para o dia 07 de maio de 2019, \u00e0s 11h para que seja discutida a proposta patronal e formulada, se a assembleia assim entender, contraproposta a ser encaminhada para a empregadora.<\/p>\n<p>Todos os docentes interessados est\u00e3o convidados.<\/p>\n<p>&nbsp;<\/p>\n<p>&nbsp;<\/p>\n<p><strong>\u00a0<\/strong><\/p>\n<!-- AddThis Advanced Settings generic via filter on the_content --><!-- AddThis Share Buttons generic via filter on the_content -->","protected":false},"excerpt":{"rendered":"<p>Ao retornarem ao trabalho, em cumprimento ao acordo celebrado na audi\u00eancia de Diss\u00eddio Coletivo de greve instaurada pelo SINPES contra a FACEL, os professores da institui\u00e7\u00e3o foram surpreendidos com o descumprimento do ajuste por parte da faculdade. Diversos professores grevistas foram impedidos de retornar ao trabalho e colocados de forma arbitr\u00e1ria em \u201clicen\u00e7a n\u00e3o remunerada\u201d, [&hellip;]<!-- AddThis Advanced Settings generic via filter on wp_trim_excerpt --><!-- AddThis Share Buttons generic via filter on wp_trim_excerpt --><\/p>\n","protected":false},"author":3,"featured_media":2543,"comment_status":"closed","ping_status":"open","sticky":false,"template":"","format":"standard","meta":{"footnotes":""},"categories":[6,7,18,56],"tags":[39,23,65,87,57],"class_list":["post-2542","post","type-post","status-publish","format-standard","has-post-thumbnail","hentry","category-acoes-judiciais","category-arquivo-de-noticias","category-destaque","category-facel","tag-acordo","tag-acordo-coletivo","tag-acordo-coletivo-de-trabalho","tag-atraso-salarial","tag-facel"],"_links":{"self":[{"href":"https:\/\/sinpes.org.br\/site\/wp-json\/wp\/v2\/posts\/2542","targetHints":{"allow":["GET"]}}],"collection":[{"href":"https:\/\/sinpes.org.br\/site\/wp-json\/wp\/v2\/posts"}],"about":[{"href":"https:\/\/sinpes.org.br\/site\/wp-json\/wp\/v2\/types\/post"}],"author":[{"embeddable":true,"href":"https:\/\/sinpes.org.br\/site\/wp-json\/wp\/v2\/users\/3"}],"replies":[{"embeddable":true,"href":"https:\/\/sinpes.org.br\/site\/wp-json\/wp\/v2\/comments?post=2542"}],"version-history":[{"count":1,"href":"https:\/\/sinpes.org.br\/site\/wp-json\/wp\/v2\/posts\/2542\/revisions"}],"predecessor-version":[{"id":2544,"href":"https:\/\/sinpes.org.br\/site\/wp-json\/wp\/v2\/posts\/2542\/revisions\/2544"}],"wp:featuredmedia":[{"embeddable":true,"href":"https:\/\/sinpes.org.br\/site\/wp-json\/wp\/v2\/media\/2543"}],"wp:attachment":[{"href":"https:\/\/sinpes.org.br\/site\/wp-json\/wp\/v2\/media?parent=2542"}],"wp:term":[{"taxonomy":"category","embeddable":true,"href":"https:\/\/sinpes.org.br\/site\/wp-json\/wp\/v2\/categories?post=2542"},{"taxonomy":"post_tag","embeddable":true,"href":"https:\/\/sinpes.org.br\/site\/wp-json\/wp\/v2\/tags?post=2542"}],"curies":[{"name":"wp","href":"https:\/\/api.w.org\/{rel}","templated":true}]}}