{"id":2539,"date":"2019-05-03T13:27:07","date_gmt":"2019-05-03T16:27:07","guid":{"rendered":"https:\/\/sinpes.org.br\/site\/?p=2539"},"modified":"2019-05-03T13:27:07","modified_gmt":"2019-05-03T16:27:07","slug":"sinpes-cobra-explicacoes-sobre-demissao-de-dezenas-de-professores-na-universidade-positivo","status":"publish","type":"post","link":"https:\/\/sinpes.org.br\/site\/sinpes-cobra-explicacoes-sobre-demissao-de-dezenas-de-professores-na-universidade-positivo\/","title":{"rendered":"SINPES cobra explica\u00e7\u00f5es sobre demiss\u00e3o de dezenas de professores na Universidade Positivo"},"content":{"rendered":"<p><a href=\"https:\/\/sinpes.org.br\/site\/wp-content\/uploads\/2019\/05\/33d8b08cd6ea486ccc1c63f38816d8a2-gpMedium.jpg\"><img loading=\"lazy\" decoding=\"async\" class=\"aligncenter size-full wp-image-2540\" src=\"https:\/\/sinpes.org.br\/site\/wp-content\/uploads\/2019\/05\/33d8b08cd6ea486ccc1c63f38816d8a2-gpMedium.jpg\" alt=\"\" width=\"660\" height=\"440\" srcset=\"https:\/\/sinpes.org.br\/site\/wp-content\/uploads\/2019\/05\/33d8b08cd6ea486ccc1c63f38816d8a2-gpMedium.jpg 660w, https:\/\/sinpes.org.br\/site\/wp-content\/uploads\/2019\/05\/33d8b08cd6ea486ccc1c63f38816d8a2-gpMedium-300x200.jpg 300w\" sizes=\"auto, (max-width: 660px) 100vw, 660px\" \/><\/a><\/p>\n<p>Cerca de 30 professores teriam sido demitidos da Universidade Positivo no m\u00eas de abril, segundo den\u00fancia enviada ao SINPES por uma docente que preferiu n\u00e3o se identificar. Entre os profissionais estariam diversos coordenadores de curso. Ainda segundo a den\u00fancia, a UP passar\u00e1 a exigir das coordena\u00e7\u00f5es o angariamento de alunos para a abertura de turmas, o que caracteriza claro desvio de fun\u00e7\u00e3o.<\/p>\n<p>O clima nos corredores da Universidade \u00e9 de tens\u00e3o. Segundo a professora que entrou em contato com SINPES, Roberto Di\u00a0Benedetto, Diretor da \u00c1rea de Ci\u00eancias Humanas e Sociais Aplicadas, teria justificado as demiss\u00f5es por conta de uma crise devido ao baixo n\u00famero de matr\u00edculas e tamb\u00e9m a problemas ligados ao programa Financiamento Estudantil (FIES). Al\u00e9m das demiss\u00f5es, os docentes da UP enfrentam outros problemas como salas superlotadas (com mais de 80 alunos) e os pontos eletr\u00f4nicos que registram o adicional noturno dos empregados n\u00e3o estariam funcionando regularmente.<\/p>\n<p>Outra den\u00fancia recebida pelo Sinpes reclama da altera\u00e7\u00e3o da sistem\u00e1tica de distribui\u00e7\u00e3o de aulas na p\u00f3s-gradua\u00e7\u00e3o. Inusitados \u201cconvites\u201d concebidos para dar apar\u00eancia de legalidade ao \u201cefeito gangorra\u201d que enseja oscila\u00e7\u00f5es frequentes nas cargas hor\u00e1rias dos docentes, acentuam a instabilidade financeira e geram constantes preocupa\u00e7\u00f5es aos docentes.<\/p>\n<p>Uma professora que prefere n\u00e3o se identificar define o clima que se instaurou na Universidade Positivo \u201ccomo se todos estivessem em aviso pr\u00e9vio permanente\u201d<\/p>\n<p>Para o presidente do SINPES, Valdyr Perrini, a mercantiliza\u00e7\u00e3o do ensino exacerbada em situa\u00e7\u00f5es lim\u00edtrofes como as que se encontram vivendo os professores da Universidade Positivo e das principais institui\u00e7\u00f5es de ensino superior do Paran\u00e1 n\u00e3o guarda correla\u00e7\u00e3o com os problemas financeiros invocados. \u201cEm um passado recente, na edi\u00e7\u00e3o de 18.09.2017 da Gazeta do Povo, Lucas Guimar\u00e3es, Vice-Presidente do Grupo Positivo, festejou o atingimento do primeiro bilh\u00e3o de receita anual, anunciando ser o sexto grupo educacional do pa\u00eds. Portanto, essas e outras irregularidades s\u00e3o resultado da falsa sensa\u00e7\u00e3o de poder ilimitado que se espalha entre os empregadores em geral depois do advento da reforma trabalhista. Lamento a mudan\u00e7a de postura da UP, constatada logo depois que seu idealizador e fundador Oriovisto Guimar\u00e3es obter uma cadeira no Senado da Rep\u00fablica\u201d, destaca Perrini.<\/p>\n<p>A Universidade Positivo respondeu ao Sinpes por meio de nota onde destaca que <em>\u201ca Universidade Positivo confirma que houve recentes demiss\u00f5es de docentes, assim como contrata\u00e7\u00f5es \u2013 e que isso faz parte de um movimento acad\u00eamico natural, baseado na adapta\u00e7\u00e3o a novas disciplinas, novos cursos e diferentes demandas dos estudantes e do mercado. A institui\u00e7\u00e3o refor\u00e7a que valoriza os profissionais que j\u00e1 fizeram ou ainda fazem parte de seu corpo docente, pois eles s\u00e3o essenciais para cumprir o objetivo de oferecer uma educa\u00e7\u00e3o de excel\u00eancia para os estudantes matriculados em cerca de 250 cursos de Gradua\u00e7\u00e3o, P\u00f3s-Gradua\u00e7\u00e3o, Mestrado e Doutorado\u201d.<\/em><\/p>\n<p>O Sinpes tenta h\u00e1 mais de um m\u00eas reunir-se com o Reitor da Universidade Positivo, Professor Pio Martins a fim de debater sobre temas que interessam ao corpo docente dessa institui\u00e7\u00e3o de ensino superior.<\/p>\n<p>&nbsp;<\/p>\n<!-- AddThis Advanced Settings generic via filter on the_content --><!-- AddThis Share Buttons generic via filter on the_content -->","protected":false},"excerpt":{"rendered":"<p>Cerca de 30 professores teriam sido demitidos da Universidade Positivo no m\u00eas de abril, segundo den\u00fancia enviada ao SINPES por uma docente que preferiu n\u00e3o se identificar. Entre os profissionais estariam diversos coordenadores de curso. Ainda segundo a den\u00fancia, a UP passar\u00e1 a exigir das coordena\u00e7\u00f5es o angariamento de alunos para a abertura de turmas, [&hellip;]<!-- AddThis Advanced Settings generic via filter on wp_trim_excerpt --><!-- AddThis Share Buttons generic via filter on wp_trim_excerpt --><\/p>\n","protected":false},"author":3,"featured_media":0,"comment_status":"closed","ping_status":"open","sticky":false,"template":"","format":"standard","meta":{"footnotes":""},"categories":[7,18,175],"tags":[22,189,198],"class_list":["post-2539","post","type-post","status-publish","format-standard","hentry","category-arquivo-de-noticias","category-destaque","category-positivo","tag-professores","tag-reforma-trabalhista","tag-universidade-positivo"],"_links":{"self":[{"href":"https:\/\/sinpes.org.br\/site\/wp-json\/wp\/v2\/posts\/2539","targetHints":{"allow":["GET"]}}],"collection":[{"href":"https:\/\/sinpes.org.br\/site\/wp-json\/wp\/v2\/posts"}],"about":[{"href":"https:\/\/sinpes.org.br\/site\/wp-json\/wp\/v2\/types\/post"}],"author":[{"embeddable":true,"href":"https:\/\/sinpes.org.br\/site\/wp-json\/wp\/v2\/users\/3"}],"replies":[{"embeddable":true,"href":"https:\/\/sinpes.org.br\/site\/wp-json\/wp\/v2\/comments?post=2539"}],"version-history":[{"count":1,"href":"https:\/\/sinpes.org.br\/site\/wp-json\/wp\/v2\/posts\/2539\/revisions"}],"predecessor-version":[{"id":2541,"href":"https:\/\/sinpes.org.br\/site\/wp-json\/wp\/v2\/posts\/2539\/revisions\/2541"}],"wp:attachment":[{"href":"https:\/\/sinpes.org.br\/site\/wp-json\/wp\/v2\/media?parent=2539"}],"wp:term":[{"taxonomy":"category","embeddable":true,"href":"https:\/\/sinpes.org.br\/site\/wp-json\/wp\/v2\/categories?post=2539"},{"taxonomy":"post_tag","embeddable":true,"href":"https:\/\/sinpes.org.br\/site\/wp-json\/wp\/v2\/tags?post=2539"}],"curies":[{"name":"wp","href":"https:\/\/api.w.org\/{rel}","templated":true}]}}