{"id":2536,"date":"2019-05-02T16:00:44","date_gmt":"2019-05-02T19:00:44","guid":{"rendered":"https:\/\/sinpes.org.br\/site\/?p=2536"},"modified":"2019-05-02T16:00:44","modified_gmt":"2019-05-02T19:00:44","slug":"o-que-e-liberdade-de-catedra","status":"publish","type":"post","link":"https:\/\/sinpes.org.br\/site\/o-que-e-liberdade-de-catedra\/","title":{"rendered":"O que \u00e9 Liberdade de C\u00e1tedra?"},"content":{"rendered":"<p>A\u00a0<b>liberdade de c\u00e1tedra<\/b>\u00a0ou\u00a0<b>liberdade<\/b>\u00a0acad\u00eamica \u00e9 um principio que assegura a\u00a0<b>liberdade<\/b>\u00a0de aprender, ensinar, pesquisar e divulgar o pensamento, a arte e o saber. Tem como finalidade a garantia do pluralismo de id\u00e9ias e concep\u00e7\u00f5es no ensino, especialmente o universit\u00e1rio, bem como a autonomia did\u00e1tico-cient\u00edfica.<\/p>\n<p><a href=\"https:\/\/sinpes.org.br\/site\/wp-content\/uploads\/2019\/05\/WhatsApp-Image-2019-05-02-at-15.34.47.jpeg\"><img loading=\"lazy\" decoding=\"async\" class=\"aligncenter size-full wp-image-2537\" src=\"https:\/\/sinpes.org.br\/site\/wp-content\/uploads\/2019\/05\/WhatsApp-Image-2019-05-02-at-15.34.47.jpeg\" alt=\"\" width=\"940\" height=\"788\" srcset=\"https:\/\/sinpes.org.br\/site\/wp-content\/uploads\/2019\/05\/WhatsApp-Image-2019-05-02-at-15.34.47.jpeg 940w, https:\/\/sinpes.org.br\/site\/wp-content\/uploads\/2019\/05\/WhatsApp-Image-2019-05-02-at-15.34.47-300x251.jpeg 300w, https:\/\/sinpes.org.br\/site\/wp-content\/uploads\/2019\/05\/WhatsApp-Image-2019-05-02-at-15.34.47-768x644.jpeg 768w\" sizes=\"auto, (max-width: 940px) 100vw, 940px\" \/><\/a><\/p>\n<p>N\u00e3o se deixe intimidar!<\/p>\n<!-- AddThis Advanced Settings generic via filter on the_content --><!-- AddThis Share Buttons generic via filter on the_content -->","protected":false},"excerpt":{"rendered":"<p>A\u00a0liberdade de c\u00e1tedra\u00a0ou\u00a0liberdade\u00a0acad\u00eamica \u00e9 um principio que assegura a\u00a0liberdade\u00a0de aprender, ensinar, pesquisar e divulgar o pensamento, a arte e o saber. Tem como finalidade a garantia do pluralismo de id\u00e9ias e concep\u00e7\u00f5es no ensino, especialmente o universit\u00e1rio, bem como a autonomia did\u00e1tico-cient\u00edfica. N\u00e3o se deixe intimidar!<!-- AddThis Advanced Settings generic via filter on wp_trim_excerpt --><!-- AddThis Share Buttons generic via filter on wp_trim_excerpt --><\/p>\n","protected":false},"author":3,"featured_media":0,"comment_status":"closed","ping_status":"open","sticky":false,"template":"","format":"standard","meta":{"footnotes":""},"categories":[7,18],"tags":[346,347,345,272],"class_list":["post-2536","post","type-post","status-publish","format-standard","hentry","category-arquivo-de-noticias","category-destaque","tag-censura","tag-expressao","tag-liberdade-de-catedra","tag-sem-censura"],"_links":{"self":[{"href":"https:\/\/sinpes.org.br\/site\/wp-json\/wp\/v2\/posts\/2536","targetHints":{"allow":["GET"]}}],"collection":[{"href":"https:\/\/sinpes.org.br\/site\/wp-json\/wp\/v2\/posts"}],"about":[{"href":"https:\/\/sinpes.org.br\/site\/wp-json\/wp\/v2\/types\/post"}],"author":[{"embeddable":true,"href":"https:\/\/sinpes.org.br\/site\/wp-json\/wp\/v2\/users\/3"}],"replies":[{"embeddable":true,"href":"https:\/\/sinpes.org.br\/site\/wp-json\/wp\/v2\/comments?post=2536"}],"version-history":[{"count":1,"href":"https:\/\/sinpes.org.br\/site\/wp-json\/wp\/v2\/posts\/2536\/revisions"}],"predecessor-version":[{"id":2538,"href":"https:\/\/sinpes.org.br\/site\/wp-json\/wp\/v2\/posts\/2536\/revisions\/2538"}],"wp:attachment":[{"href":"https:\/\/sinpes.org.br\/site\/wp-json\/wp\/v2\/media?parent=2536"}],"wp:term":[{"taxonomy":"category","embeddable":true,"href":"https:\/\/sinpes.org.br\/site\/wp-json\/wp\/v2\/categories?post=2536"},{"taxonomy":"post_tag","embeddable":true,"href":"https:\/\/sinpes.org.br\/site\/wp-json\/wp\/v2\/tags?post=2536"}],"curies":[{"name":"wp","href":"https:\/\/api.w.org\/{rel}","templated":true}]}}