{"id":2521,"date":"2019-04-23T18:02:56","date_gmt":"2019-04-23T21:02:56","guid":{"rendered":"https:\/\/sinpes.org.br\/site\/?p=2521"},"modified":"2019-07-29T13:45:39","modified_gmt":"2019-07-29T16:45:39","slug":"facel-descumpre-novamente-acordo-firmado-em-audiencia-conciliatoria","status":"publish","type":"post","link":"https:\/\/sinpes.org.br\/site\/facel-descumpre-novamente-acordo-firmado-em-audiencia-conciliatoria\/","title":{"rendered":"Facel descumpre novamente acordo firmado em Audi\u00eancia Conciliat\u00f3ria"},"content":{"rendered":"<p><a href=\"https:\/\/sinpes.org.br\/site\/wp-content\/uploads\/2019\/04\/WhatsApp-Image-2019-04-23-at-17.49.09.jpeg\"><img loading=\"lazy\" decoding=\"async\" class=\"wp-image-2522 aligncenter\" src=\"https:\/\/sinpes.org.br\/site\/wp-content\/uploads\/2019\/04\/WhatsApp-Image-2019-04-23-at-17.49.09-1024x768.jpeg\" alt=\"\" width=\"661\" height=\"496\" srcset=\"https:\/\/sinpes.org.br\/site\/wp-content\/uploads\/2019\/04\/WhatsApp-Image-2019-04-23-at-17.49.09-1024x768.jpeg 1024w, https:\/\/sinpes.org.br\/site\/wp-content\/uploads\/2019\/04\/WhatsApp-Image-2019-04-23-at-17.49.09-300x225.jpeg 300w, https:\/\/sinpes.org.br\/site\/wp-content\/uploads\/2019\/04\/WhatsApp-Image-2019-04-23-at-17.49.09-768x576.jpeg 768w, https:\/\/sinpes.org.br\/site\/wp-content\/uploads\/2019\/04\/WhatsApp-Image-2019-04-23-at-17.49.09.jpeg 1280w\" sizes=\"auto, (max-width: 661px) 100vw, 661px\" \/><\/a><\/p>\n<p>Mesmo diante da atitude da FACEL, de n\u00e3o cumprir acordo estabelecido em Audi\u00eancia Conciliat\u00f3ria do Diss\u00eddio Coletivo de Greve dos professores no dia 11\/04, o SINPES, respeitando o estabelecido durante a Audi\u00eancia realizada no Tribunal Regional do Trabalho da 9\u00aa Regi\u00e3o, ap\u00f3s reunir-se com os principais professores interessados, encaminhou \u00e0 Faculdade, as senhas de cada um dos coordenadores indicados na ata de audi\u00eancia, bem como seus planos de trabalho realizados no m\u00eas de fev<span class=\"text_exposed_show\">ereiro de 2019.<\/span><\/p>\n<div class=\"text_exposed_show\">\n<p>\u00c9 importante destacar que a FACEL descumpre o acordado na Audi\u00eancia Conciliat\u00f3ria e atenta contra a boa-f\u00e9 objetiva que deve pautar quem pactua ajustes dadas as seguintes transgress\u00f5es:<\/p>\n<p>1 \u2013 Impedimento de retorno dos professores grevistas e a amea\u00e7a de submet\u00ea-los \u00e0 licen\u00e7a n\u00e3o remunerada, atitude n\u00e3o respaldada pelo acordo, que prev\u00ea o retorno ao trabalho de todos os professores. A amea\u00e7a de manuten\u00e7\u00e3o dos professores ilegalmente contratados, cujo per\u00edodo de trabalho seria de apenas um m\u00eas, sob o pretexto de que existe reivindica\u00e7\u00e3o dos alunos nesse sentido (como se os riscos do neg\u00f3cio devessem ser suportados pelos professores que entraram em greve) constitui pr\u00e1tica antissindical que h\u00e1 de ser repudiada pela Justi\u00e7a do Trabalho.<\/p>\n<p>2 \u2013 A n\u00e3o disponibiliza\u00e7\u00e3o de 2\/3 dos sal\u00e1rios no dia ajustado em face de dep\u00f3sito feito em cheque e em uma conta corrente que n\u00e3o constou no acordo, o qual permaneceu bloqueado durante todo o dia 16\/04\/ 2019.<\/p>\n<p>3 \u2013 N\u00e3o apresenta\u00e7\u00e3o do plano de pagamento dos valores devidos na reuni\u00e3o pedag\u00f3gica do dia 17\/04\/2019 sob a absurda alega\u00e7\u00e3o de que os coordenadores n\u00e3o teriam informado quais os sal\u00e1rios devidos nos meses de janeiro e fevereiro, sendo que \u00e9 sabido que esses sal\u00e1rios s\u00e3o id\u00eanticos aos praticados no m\u00eas de dezembro de 2018. Essa situa\u00e7\u00e3o foi agravada pelo n\u00e3o agendamento de nenhuma reuni\u00e3o onde esse plano seria informado ao Sinpes e negociado entre as partes.<\/p>\n<p>O SINPES aguarda o agendamento de reuni\u00e3o para as pr\u00f3ximas 24 horas a fim de que as partes possam chegar a um acordo e que seja evitada a necessidade de serem tomadas novas provid\u00eancias judiciais.<\/p>\n<\/div>\n<p>&nbsp;<\/p>\n<!-- AddThis Advanced Settings generic via filter on the_content --><!-- AddThis Share Buttons generic via filter on the_content -->","protected":false},"excerpt":{"rendered":"<p>Mesmo diante da atitude da FACEL, de n\u00e3o cumprir acordo estabelecido em Audi\u00eancia Conciliat\u00f3ria do Diss\u00eddio Coletivo de Greve dos professores no dia 11\/04, o SINPES, respeitando o estabelecido durante a Audi\u00eancia realizada no Tribunal Regional do Trabalho da 9\u00aa Regi\u00e3o, ap\u00f3s reunir-se com os principais professores interessados, encaminhou \u00e0 Faculdade, as senhas de cada [&hellip;]<!-- AddThis Advanced Settings generic via filter on wp_trim_excerpt --><!-- AddThis Share Buttons generic via filter on wp_trim_excerpt --><\/p>\n","protected":false},"author":3,"featured_media":2522,"comment_status":"closed","ping_status":"open","sticky":false,"template":"","format":"standard","meta":{"footnotes":""},"categories":[6,7,18,56],"tags":[57,22,62],"class_list":["post-2521","post","type-post","status-publish","format-standard","has-post-thumbnail","hentry","category-acoes-judiciais","category-arquivo-de-noticias","category-destaque","category-facel","tag-facel","tag-professores","tag-sinpes"],"_links":{"self":[{"href":"https:\/\/sinpes.org.br\/site\/wp-json\/wp\/v2\/posts\/2521","targetHints":{"allow":["GET"]}}],"collection":[{"href":"https:\/\/sinpes.org.br\/site\/wp-json\/wp\/v2\/posts"}],"about":[{"href":"https:\/\/sinpes.org.br\/site\/wp-json\/wp\/v2\/types\/post"}],"author":[{"embeddable":true,"href":"https:\/\/sinpes.org.br\/site\/wp-json\/wp\/v2\/users\/3"}],"replies":[{"embeddable":true,"href":"https:\/\/sinpes.org.br\/site\/wp-json\/wp\/v2\/comments?post=2521"}],"version-history":[{"count":1,"href":"https:\/\/sinpes.org.br\/site\/wp-json\/wp\/v2\/posts\/2521\/revisions"}],"predecessor-version":[{"id":2523,"href":"https:\/\/sinpes.org.br\/site\/wp-json\/wp\/v2\/posts\/2521\/revisions\/2523"}],"wp:featuredmedia":[{"embeddable":true,"href":"https:\/\/sinpes.org.br\/site\/wp-json\/wp\/v2\/media\/2522"}],"wp:attachment":[{"href":"https:\/\/sinpes.org.br\/site\/wp-json\/wp\/v2\/media?parent=2521"}],"wp:term":[{"taxonomy":"category","embeddable":true,"href":"https:\/\/sinpes.org.br\/site\/wp-json\/wp\/v2\/categories?post=2521"},{"taxonomy":"post_tag","embeddable":true,"href":"https:\/\/sinpes.org.br\/site\/wp-json\/wp\/v2\/tags?post=2521"}],"curies":[{"name":"wp","href":"https:\/\/api.w.org\/{rel}","templated":true}]}}