{"id":2518,"date":"2019-04-22T15:48:36","date_gmt":"2019-04-22T18:48:36","guid":{"rendered":"https:\/\/sinpes.org.br\/site\/?p=2518"},"modified":"2019-04-22T15:48:36","modified_gmt":"2019-04-22T18:48:36","slug":"tudo-se-pode-vencer-o-que-e-preciso-e-ser-constante","status":"publish","type":"post","link":"https:\/\/sinpes.org.br\/site\/tudo-se-pode-vencer-o-que-e-preciso-e-ser-constante\/","title":{"rendered":"&#8220;Tudo se pode vencer; o que \u00e9 preciso \u00e9 ser constante&#8221;"},"content":{"rendered":"<p><a href=\"https:\/\/sinpes.org.br\/site\/wp-content\/uploads\/2019\/04\/\u00c9-preciso-resistir-e-para-resistir-\u00e9-necess\u00e1rio-esfor\u00e7o-conjunto-e-um-Sindicato-Forte-1.png\"><img loading=\"lazy\" decoding=\"async\" class=\"aligncenter wp-image-2519 size-full\" src=\"https:\/\/sinpes.org.br\/site\/wp-content\/uploads\/2019\/04\/\u00c9-preciso-resistir-e-para-resistir-\u00e9-necess\u00e1rio-esfor\u00e7o-conjunto-e-um-Sindicato-Forte-1.png\" alt=\"\" width=\"820\" height=\"312\" srcset=\"https:\/\/sinpes.org.br\/site\/wp-content\/uploads\/2019\/04\/\u00c9-preciso-resistir-e-para-resistir-\u00e9-necess\u00e1rio-esfor\u00e7o-conjunto-e-um-Sindicato-Forte-1.png 820w, https:\/\/sinpes.org.br\/site\/wp-content\/uploads\/2019\/04\/\u00c9-preciso-resistir-e-para-resistir-\u00e9-necess\u00e1rio-esfor\u00e7o-conjunto-e-um-Sindicato-Forte-1-300x114.png 300w, https:\/\/sinpes.org.br\/site\/wp-content\/uploads\/2019\/04\/\u00c9-preciso-resistir-e-para-resistir-\u00e9-necess\u00e1rio-esfor\u00e7o-conjunto-e-um-Sindicato-Forte-1-768x292.png 768w\" sizes=\"auto, (max-width: 820px) 100vw, 820px\" \/><\/a><\/p>\n<p>O fim do quinqu\u00eanio e a livre redu\u00e7\u00e3o de carga hor\u00e1ria mediante a cria\u00e7\u00e3o da figura da rescis\u00e3o parcial foram barrados na \u00faltima negocia\u00e7\u00e3o coletiva pela firme atua\u00e7\u00e3o do SINPES na intransigente defesa dos direitos consagrados dos professores do ensino superior.<\/p>\n<p>Nesse ano tudo indica que o enigm\u00e1tico sil\u00eancio dos patr\u00f5es acerca do prosseguimento das negocia\u00e7\u00f5es coletivas quer significar mais press\u00e3o para acabar com esses e outros direitos incorporados h\u00e1 d\u00e9cadas no patrim\u00f4nio dos professores, como a hora-atividade.<\/p>\n<p>Por isto a conven\u00e7\u00e3o 2018\/2019 ainda n\u00e3o foi assinada e at\u00e9 agora n\u00e3o foi definido qual ser\u00e1 o reajuste aplic\u00e1vel no m\u00eas de fevereiro de 2019.<\/p>\n<p>O SINPES \u00e9 formado por professores e professoras que n\u00e3o s\u00e3o remunerados e que acreditam que os direitos trabalhistas n\u00e3o podem ficar \u00e0 margem de mudan\u00e7as de governo ou de gest\u00f5es. Tampouco devem oscilar por diverg\u00eancias de pensamento.<\/p>\n<p>A Reforma Trabalhista e a pauta para a extin\u00e7\u00e3o da Justi\u00e7a do Trabalho est\u00e3o a\u00ed, com o objetivo de destro\u00e7ar o que resta dos direitos dos trabalhadores.<\/p>\n<p>\u00c9 preciso resistir e para resistir \u00e9 necess\u00e1rio esfor\u00e7o conjunto e um\u00a0<strong>Sindicato Forte.<\/strong><\/p>\n<p>Um dia do seu trabalho pode representar a sobreviv\u00eancia do SINPES e dos seus direitos trabalhistas.<\/p>\n<p>As diverg\u00eancias pol\u00edticas devem ser deixadas de lado. Quer voc\u00ea apoie ou n\u00e3o o atual governo, a verdade \u00e9 que seus direitos correm muito perigo!<\/p>\n<p>O SINPES e voc\u00ea est\u00e3o do mesmo lado!<\/p>\n<p>Do lado da garantia dos seus direitos e da valoriza\u00e7\u00e3o de todas aquelas horas e horas estudando, buscando saber mais e mais, fazendo apontamentos, preparando aulas, corrigindo provas, defendendo teses.<\/p>\n<p>Toda esta dedica\u00e7\u00e3o n\u00e3o pode ser ignorada depois de muitos anos dedicados a ampliar o conhecimento de tantas outras vidas.<\/p>\n<p><strong>O SINPES e voc\u00ea precisam estar juntos. N\u00e3o \u00e9 f\u00e1cil estar sozinho na hora de perder o emprego, as horas complementares, o quinqu\u00eanio, a carga hor\u00e1ria ou a liberdade de c\u00e1tedra.<\/strong><\/p>\n<p><strong>Contribua. Participe. Filie-se. Voc\u00ea n\u00e3o est\u00e1 s\u00f3! O SINPES continua na Rua Marechal Deodoro 869, conjunto 606. O disque-den\u00fancia est\u00e1 ativo. Ligue! 3225-1041. Suas ideias e suas hist\u00f3rias fazem parte da nossa hist\u00f3ria. Cem dias de governo n\u00e3o valem mais que sua\u00a0\u00a0 vida, uma vida de dedica\u00e7\u00e3o \u00e0 educa\u00e7\u00e3o.<\/strong><\/p>\n<p><strong>A nossa conta e as nossas portas continuam abertas a voc\u00ea. Participe da luta pelos seus direitos depositando um dia de sal\u00e1rio do m\u00eas de abril para o SINPES na Caixa Econ\u00f4mica Federal (104), Ag\u00eancia 0891, Opera\u00e7\u00e3o 03, Conta Corrente 164\/3. O CNPJ do Sinpes \u00e9 40.329.542\/0001-27.<\/strong><\/p>\n<p><strong>SINPES ASSIM!<\/strong><\/p>\n<!-- AddThis Advanced Settings generic via filter on the_content --><!-- AddThis Share Buttons generic via filter on the_content -->","protected":false},"excerpt":{"rendered":"<p>O fim do quinqu\u00eanio e a livre redu\u00e7\u00e3o de carga hor\u00e1ria mediante a cria\u00e7\u00e3o da figura da rescis\u00e3o parcial foram barrados na \u00faltima negocia\u00e7\u00e3o coletiva pela firme atua\u00e7\u00e3o do SINPES na intransigente defesa dos direitos consagrados dos professores do ensino superior. Nesse ano tudo indica que o enigm\u00e1tico sil\u00eancio dos patr\u00f5es acerca do prosseguimento das [&hellip;]<!-- AddThis Advanced Settings generic via filter on wp_trim_excerpt --><!-- AddThis Share Buttons generic via filter on wp_trim_excerpt --><\/p>\n","protected":false},"author":3,"featured_media":2519,"comment_status":"closed","ping_status":"open","sticky":false,"template":"","format":"standard","meta":{"footnotes":""},"categories":[7,18,13],"tags":[266,70,189,79,62],"class_list":["post-2518","post","type-post","status-publish","format-standard","has-post-thumbnail","hentry","category-arquivo-de-noticias","category-destaque","category-home","tag-contribuicao-sindical","tag-convencoes-coletivas-de-trabalho","tag-reforma-trabalhista","tag-regulamentacao","tag-sinpes"],"_links":{"self":[{"href":"https:\/\/sinpes.org.br\/site\/wp-json\/wp\/v2\/posts\/2518","targetHints":{"allow":["GET"]}}],"collection":[{"href":"https:\/\/sinpes.org.br\/site\/wp-json\/wp\/v2\/posts"}],"about":[{"href":"https:\/\/sinpes.org.br\/site\/wp-json\/wp\/v2\/types\/post"}],"author":[{"embeddable":true,"href":"https:\/\/sinpes.org.br\/site\/wp-json\/wp\/v2\/users\/3"}],"replies":[{"embeddable":true,"href":"https:\/\/sinpes.org.br\/site\/wp-json\/wp\/v2\/comments?post=2518"}],"version-history":[{"count":1,"href":"https:\/\/sinpes.org.br\/site\/wp-json\/wp\/v2\/posts\/2518\/revisions"}],"predecessor-version":[{"id":2520,"href":"https:\/\/sinpes.org.br\/site\/wp-json\/wp\/v2\/posts\/2518\/revisions\/2520"}],"wp:featuredmedia":[{"embeddable":true,"href":"https:\/\/sinpes.org.br\/site\/wp-json\/wp\/v2\/media\/2519"}],"wp:attachment":[{"href":"https:\/\/sinpes.org.br\/site\/wp-json\/wp\/v2\/media?parent=2518"}],"wp:term":[{"taxonomy":"category","embeddable":true,"href":"https:\/\/sinpes.org.br\/site\/wp-json\/wp\/v2\/categories?post=2518"},{"taxonomy":"post_tag","embeddable":true,"href":"https:\/\/sinpes.org.br\/site\/wp-json\/wp\/v2\/tags?post=2518"}],"curies":[{"name":"wp","href":"https:\/\/api.w.org\/{rel}","templated":true}]}}