{"id":2514,"date":"2019-04-15T15:17:51","date_gmt":"2019-04-15T18:17:51","guid":{"rendered":"https:\/\/sinpes.org.br\/site\/?p=2514"},"modified":"2019-04-15T15:17:51","modified_gmt":"2019-04-15T18:17:51","slug":"impasse-na-fesp-caminha-para-solucao-judicial","status":"publish","type":"post","link":"https:\/\/sinpes.org.br\/site\/impasse-na-fesp-caminha-para-solucao-judicial\/","title":{"rendered":"IMPASSE NA FESP CAMINHA PARA SOLU\u00c7\u00c3O JUDICIAL"},"content":{"rendered":"<p>Em que pese a boa vontade demonstrada pelo Presidente da Funda\u00e7\u00e3o de Estudos Sociais do Paran\u00e1, Professor Gilson Bonato, ao apresentar para o SINPES a situa\u00e7\u00e3o cont\u00e1bil dessa Funda\u00e7\u00e3o, que se dedica ao ensino h\u00e1 mais de 80 anos, o alto endividamento constatado n\u00e3o d\u00e1 margem de manobra para que as partes consigam chegar a um acordo que possa salvaguardar o pagamento integral dos sal\u00e1rios dos professores e demais empregados.<\/p>\n<p>Segundo os dados fornecidos ao Sinpes ap\u00f3s deduzidas da receita mensal \u00a0as despesas essenciais e as presta\u00e7\u00f5es atinentes a diversos\u00a0 empr\u00e9stimos banc\u00e1rios n\u00e3o sobra dinheiro suficiente para o pagamento integral dos sal\u00e1rios dos professores e demais empregados.<\/p>\n<p>O quadro apresentado \u00e9 resultado da neglig\u00eancia e da inc\u00faria de sucessivas administra\u00e7\u00f5es, inclusive da atual, que deveria ter buscado negociar com o Sinpes antes de aprofundar o comprometimento da receita com solu\u00e7\u00f5es paliativas.<\/p>\n<p>Diante da situa\u00e7\u00e3o delineada, a \u00fanica alternativa vislumbrada pelo SINPES \u00e9 buscar perante a Justi\u00e7a do Trabalho uma tutela de urg\u00eancia que propicie o pagamento preferencial dos sal\u00e1rios em detrimento dos cr\u00e9ditos banc\u00e1rios que n\u00e3o det\u00e9m car\u00e1ter privilegiado.<\/p>\n<p>Nossa advogada j\u00e1 est\u00e1 trabalhando no sentido de ajuizar a\u00e7\u00e3o voltada para pagamento dos sal\u00e1rios com a maior brevidade poss\u00edvel.<\/p>\n<p>&nbsp;<\/p>\n<p><strong>\u00a0<\/strong><\/p>\n<!-- AddThis Advanced Settings generic via filter on the_content --><!-- AddThis Share Buttons generic via filter on the_content -->","protected":false},"excerpt":{"rendered":"<p>Em que pese a boa vontade demonstrada pelo Presidente da Funda\u00e7\u00e3o de Estudos Sociais do Paran\u00e1, Professor Gilson Bonato, ao apresentar para o SINPES a situa\u00e7\u00e3o cont\u00e1bil dessa Funda\u00e7\u00e3o, que se dedica ao ensino h\u00e1 mais de 80 anos, o alto endividamento constatado n\u00e3o d\u00e1 margem de manobra para que as partes consigam chegar a [&hellip;]<!-- AddThis Advanced Settings generic via filter on wp_trim_excerpt --><!-- AddThis Share Buttons generic via filter on wp_trim_excerpt --><\/p>\n","protected":false},"author":3,"featured_media":2515,"comment_status":"closed","ping_status":"open","sticky":false,"template":"","format":"standard","meta":{"footnotes":""},"categories":[6,7,18],"tags":[39,23,65,344,22],"class_list":["post-2514","post","type-post","status-publish","format-standard","has-post-thumbnail","hentry","category-acoes-judiciais","category-arquivo-de-noticias","category-destaque","tag-acordo","tag-acordo-coletivo","tag-acordo-coletivo-de-trabalho","tag-fesp","tag-professores"],"_links":{"self":[{"href":"https:\/\/sinpes.org.br\/site\/wp-json\/wp\/v2\/posts\/2514","targetHints":{"allow":["GET"]}}],"collection":[{"href":"https:\/\/sinpes.org.br\/site\/wp-json\/wp\/v2\/posts"}],"about":[{"href":"https:\/\/sinpes.org.br\/site\/wp-json\/wp\/v2\/types\/post"}],"author":[{"embeddable":true,"href":"https:\/\/sinpes.org.br\/site\/wp-json\/wp\/v2\/users\/3"}],"replies":[{"embeddable":true,"href":"https:\/\/sinpes.org.br\/site\/wp-json\/wp\/v2\/comments?post=2514"}],"version-history":[{"count":1,"href":"https:\/\/sinpes.org.br\/site\/wp-json\/wp\/v2\/posts\/2514\/revisions"}],"predecessor-version":[{"id":2516,"href":"https:\/\/sinpes.org.br\/site\/wp-json\/wp\/v2\/posts\/2514\/revisions\/2516"}],"wp:featuredmedia":[{"embeddable":true,"href":"https:\/\/sinpes.org.br\/site\/wp-json\/wp\/v2\/media\/2515"}],"wp:attachment":[{"href":"https:\/\/sinpes.org.br\/site\/wp-json\/wp\/v2\/media?parent=2514"}],"wp:term":[{"taxonomy":"category","embeddable":true,"href":"https:\/\/sinpes.org.br\/site\/wp-json\/wp\/v2\/categories?post=2514"},{"taxonomy":"post_tag","embeddable":true,"href":"https:\/\/sinpes.org.br\/site\/wp-json\/wp\/v2\/tags?post=2514"}],"curies":[{"name":"wp","href":"https:\/\/api.w.org\/{rel}","templated":true}]}}