{"id":2510,"date":"2019-04-10T15:35:40","date_gmt":"2019-04-10T18:35:40","guid":{"rendered":"https:\/\/sinpes.org.br\/site\/?p=2510"},"modified":"2019-04-10T15:35:40","modified_gmt":"2019-04-10T18:35:40","slug":"facel-audiencia-do-dissidio-coletivo-de-greve-designada-para-essa-quinta-feira","status":"publish","type":"post","link":"https:\/\/sinpes.org.br\/site\/facel-audiencia-do-dissidio-coletivo-de-greve-designada-para-essa-quinta-feira\/","title":{"rendered":"Facel: Audi\u00eancia do Diss\u00eddio Coletivo de Greve Designada Para essa Quinta-Feira"},"content":{"rendered":"<p style=\"text-align: justify;\">No s\u00e1bado, seis de abril, desenrolou-se mais um cap\u00edtulo da insustent\u00e1vel situa\u00e7\u00e3o de descaso contra os professores da FACEL. Reunidos em assembleia geral a unanimidade dos presentes deliberou por:<\/p>\n<p style=\"text-align: justify;\">1) Ratificar autoriza\u00e7\u00e3o para instaura\u00e7\u00e3o de diss\u00eddio coletivo de greve, que j\u00e1 se encontra ajuizado no gabinete da presid\u00eancia do TRT sob n\u00famero 0000454-42.2019.5.09.000;<!--more--><\/p>\n<p style=\"text-align: justify;\">2) Manter a mobiliza\u00e7\u00e3o da greve;<\/p>\n<p style=\"text-align: justify;\">3) Realizar nova manifesta\u00e7\u00e3o de protesto contra as mantenedoras da FACEL na pr\u00f3xima quinta-feira \u00e0s 19h00min em frente do pr\u00e9dio da institui\u00e7\u00e3o localizado na Rua Pedro Ivo;<\/p>\n<p style=\"text-align: justify;\">4) Manuten\u00e7\u00e3o de todas as delibera\u00e7\u00f5es anteriores que n\u00e3o contrariem o que foi decidido acima e convoca\u00e7\u00e3o para nova sess\u00e3o da Assembleia no dia 11.04.2019 \u00e0s 19h00min.<\/p>\n<p style=\"text-align: justify;\">Na quinta-feira \u00e0s 14h30min haver\u00e1 audi\u00eancia conciliat\u00f3ria do Diss\u00eddio Coletivo de Greve instaurado pelo SINPES na sede do Tribunal Regional do Trabalho da 9\u00aa Regi\u00e3o na Alameda Carlos de Carvalho 528, esquina com a Visconde do Rio Branco. Os professores esperam que os respons\u00e1veis pela FACEL compare\u00e7am com propostas objetivas para que possa ocorrer o imediato retorno \u00e0s salas de aula.<\/p>\n<p style=\"text-align: justify;\">Os professores externam sentimento de estranheza e indigna\u00e7\u00e3o diante da indiferen\u00e7a dos respons\u00e1veis pela FACEL para com as justas reivindica\u00e7\u00f5es dos professores.<\/p>\n<p style=\"text-align: justify;\">Somente ap\u00f3s a ci\u00eancia da instaura\u00e7\u00e3o do Diss\u00eddio Coletivo \u00e9 que os mesmos voltaram a mostrar interesse em retomar as negocia\u00e7\u00f5es.<\/p>\n<p style=\"text-align: justify;\">\u00c0s 18 horas na sede do SINPES ocorrer\u00e1 sess\u00e3o de prosseguimento da Assembleia Geral convocada para o dia seis de abril, prorrogada pelos presentes por tempo indeterminado para an\u00e1lise dos fatos novos porventura ocorridos.<\/p>\n<p style=\"text-align: justify;\">Todos os professores da FACEL est\u00e3o convidados para a audi\u00eancia do Diss\u00eddio Coletivo, para a Assembleia Geral e especialmente para o ato de protesto convocado.<\/p>\n<!-- AddThis Advanced Settings generic via filter on the_content --><!-- AddThis Share Buttons generic via filter on the_content -->","protected":false},"excerpt":{"rendered":"<p>No s\u00e1bado, seis de abril, desenrolou-se mais um cap\u00edtulo da insustent\u00e1vel situa\u00e7\u00e3o de descaso contra os professores da FACEL. Reunidos em assembleia geral a unanimidade dos presentes deliberou por: 1) Ratificar autoriza\u00e7\u00e3o para instaura\u00e7\u00e3o de diss\u00eddio coletivo de greve, que j\u00e1 se encontra ajuizado no gabinete da presid\u00eancia do TRT sob n\u00famero 0000454-42.2019.5.09.000;<!-- AddThis Advanced Settings generic via filter on wp_trim_excerpt --><!-- AddThis Share Buttons generic via filter on wp_trim_excerpt --><\/p>\n","protected":false},"author":2,"featured_media":2511,"comment_status":"closed","ping_status":"open","sticky":false,"template":"","format":"standard","meta":{"footnotes":""},"categories":[13,5],"tags":[343,57],"class_list":["post-2510","post","type-post","status-publish","format-standard","has-post-thumbnail","hentry","category-home","category-sinpes","tag-dissidio-coletivo","tag-facel"],"_links":{"self":[{"href":"https:\/\/sinpes.org.br\/site\/wp-json\/wp\/v2\/posts\/2510","targetHints":{"allow":["GET"]}}],"collection":[{"href":"https:\/\/sinpes.org.br\/site\/wp-json\/wp\/v2\/posts"}],"about":[{"href":"https:\/\/sinpes.org.br\/site\/wp-json\/wp\/v2\/types\/post"}],"author":[{"embeddable":true,"href":"https:\/\/sinpes.org.br\/site\/wp-json\/wp\/v2\/users\/2"}],"replies":[{"embeddable":true,"href":"https:\/\/sinpes.org.br\/site\/wp-json\/wp\/v2\/comments?post=2510"}],"version-history":[{"count":1,"href":"https:\/\/sinpes.org.br\/site\/wp-json\/wp\/v2\/posts\/2510\/revisions"}],"predecessor-version":[{"id":2512,"href":"https:\/\/sinpes.org.br\/site\/wp-json\/wp\/v2\/posts\/2510\/revisions\/2512"}],"wp:featuredmedia":[{"embeddable":true,"href":"https:\/\/sinpes.org.br\/site\/wp-json\/wp\/v2\/media\/2511"}],"wp:attachment":[{"href":"https:\/\/sinpes.org.br\/site\/wp-json\/wp\/v2\/media?parent=2510"}],"wp:term":[{"taxonomy":"category","embeddable":true,"href":"https:\/\/sinpes.org.br\/site\/wp-json\/wp\/v2\/categories?post=2510"},{"taxonomy":"post_tag","embeddable":true,"href":"https:\/\/sinpes.org.br\/site\/wp-json\/wp\/v2\/tags?post=2510"}],"curies":[{"name":"wp","href":"https:\/\/api.w.org\/{rel}","templated":true}]}}