{"id":250,"date":"2014-07-23T14:39:14","date_gmt":"2014-07-23T17:39:14","guid":{"rendered":"http:\/\/sinpes.org.br\/site\/?p=250"},"modified":"2016-03-21T11:35:26","modified_gmt":"2016-03-21T14:35:26","slug":"professores-recebem-rsr-apos-sete-anos","status":"publish","type":"post","link":"https:\/\/sinpes.org.br\/site\/professores-recebem-rsr-apos-sete-anos\/","title":{"rendered":"Professores recebem RSR ap\u00f3s sete anos"},"content":{"rendered":"<p style=\"text-align: justify;\">Ap\u00f3s mais de tr\u00eas anos de negocia\u00e7\u00e3o sobre o pagamento irregular dos repousos semanais remunerados, no final do ano de 2013\u00a0o Sinpes e a Unibrasil chegaram\u00a0a um acordo nos autos de n\u00famero <strong>40325\/2009-013-00-9<\/strong>, que tramitam perante a 13\u00aa VT, em que foram beneficiados os professores que prestaram servi\u00e7os para esta institui\u00e7\u00e3o de ensino superior a partir de 17.12.2007, e que n\u00e3o receberam, de forma desdobrada, os repousos semanais remunerados em face das horas aulas trabalhadas.<\/p>\n<p style=\"text-align: justify;\">Nesse acordo n\u00e3o foram beneficiados os docentes que j\u00e1 recebem de forma destacada o repouso semanal remunerado na propor\u00e7\u00e3o de 1\/6 dos valores salariais recebidos por hora-aula. Tamb\u00e9m n\u00e3o se beneficiaram do mesmo os docentes que tenham se desligado da Unibrasil antes de 17.12.2007 (computado o per\u00edodo do aviso pr\u00e9vio indenizado), qualquer que seja a forma de pagamento de seus sal\u00e1rios, e aqueles que exercitarem a prefer\u00eancia por pleitear as diferen\u00e7as que julgarem devidas de forma pessoal.<\/p>\n<p style=\"text-align: justify;\">Apesar de celebrado o acordo, permaneceram algumas diverg\u00eancias acerca dos crit\u00e9rios de c\u00e1lculo para apura\u00e7\u00e3o dos valores ajustados. O SINPES defendia que a base de c\u00e1lculo dos valores devidos compreendia todas as parcelas salariais pagas aos professores como horistas. J\u00e1 a UNIBRASIL sustentava que apenas as horas aulas efetivamente lecionadas \u00e9 que deveriam ser consideradas para o ajuste. Com o objetivo de resolver esta pend\u00eancia de interpreta\u00e7\u00e3o, \u00a0as partes pactuaram em 31 de julho de 2015 \u00a0<strong>Termo Aditivo ao Acordo Coletivo de Trabalho<\/strong> o qual colocou fim a toda e qualquer celeuma acerca da mat\u00e9ria do objeto do ajuste, inclusive em rela\u00e7\u00e3o ao tema relacionado \u00e0s horas complementares, mediante concess\u00f5es rec\u00edprocas que podem ser verificadas pela leitura deste novo ajuste.<\/p>\n<p style=\"text-align: justify;\"><strong>Abaixo segue o Acordo Coletivo de Trabalho originalmente entabulado e o Termo Aditivo ao Acordo Coletivo de Trabalho celebrado pelas partes.<\/strong><\/p>\n<p style=\"text-align: center;\"><a class=\"fasc-button fasc-size-medium fasc-type-glossy fasc-rounded-medium fasc-ico-before dashicons-admin-links\" style=\"background-color: #33809e; color: #ffffff;\" href=\"http:\/\/sinpes.org.br\/site\/wp-content\/uploads\/2014\/05\/Termo-Aditivo-ao-Acordo-Coletivo-Unibrasil.pdf\" target=\"_blank\" data-fasc-style=\"background-color:#33809e;color:#ffffff;\">Termo Aditivo ao Acordo Coletivo<\/a><\/p>\n<p style=\"text-align: center;\"><a class=\"fasc-button fasc-size-medium fasc-type-glossy fasc-rounded-medium fasc-ico-before dashicons-admin-links\" style=\"background-color: #31adde; color: #ffffff;\" href=\"http:\/\/sinpes.org.br\/site\/wp-content\/uploads\/2016\/03\/Acordo-Coletivo-de-Trabalho-Unibrasil.pdf\" target=\"_blank\" data-fasc-style=\"background-color:#31adde;color:#ffffff;\">Acordo Coletivo de Trabalho<\/a><\/p>\n<p style=\"text-align: center;\">\n<!-- AddThis Advanced Settings generic via filter on the_content --><!-- AddThis Share Buttons generic via filter on the_content -->","protected":false},"excerpt":{"rendered":"<p>Ap\u00f3s mais de tr\u00eas anos de negocia\u00e7\u00e3o sobre o pagamento irregular dos repousos semanais remunerados, no final do ano de 2013\u00a0o Sinpes e a Unibrasil chegaram\u00a0a um acordo nos autos de n\u00famero 40325\/2009-013-00-9, que tramitam perante a 13\u00aa VT, em que foram beneficiados os professores que prestaram servi\u00e7os para esta institui\u00e7\u00e3o de ensino superior a [&hellip;]<!-- AddThis Advanced Settings generic via filter on wp_trim_excerpt --><!-- AddThis Share Buttons generic via filter on wp_trim_excerpt --><\/p>\n","protected":false},"author":2,"featured_media":0,"comment_status":"closed","ping_status":"open","sticky":false,"template":"","format":"standard","meta":{"footnotes":""},"categories":[18,4],"tags":[22,78],"class_list":["post-250","post","type-post","status-publish","format-standard","hentry","category-destaque","category-unibrasil","tag-professores","tag-rsr"],"_links":{"self":[{"href":"https:\/\/sinpes.org.br\/site\/wp-json\/wp\/v2\/posts\/250","targetHints":{"allow":["GET"]}}],"collection":[{"href":"https:\/\/sinpes.org.br\/site\/wp-json\/wp\/v2\/posts"}],"about":[{"href":"https:\/\/sinpes.org.br\/site\/wp-json\/wp\/v2\/types\/post"}],"author":[{"embeddable":true,"href":"https:\/\/sinpes.org.br\/site\/wp-json\/wp\/v2\/users\/2"}],"replies":[{"embeddable":true,"href":"https:\/\/sinpes.org.br\/site\/wp-json\/wp\/v2\/comments?post=250"}],"version-history":[{"count":5,"href":"https:\/\/sinpes.org.br\/site\/wp-json\/wp\/v2\/posts\/250\/revisions"}],"predecessor-version":[{"id":807,"href":"https:\/\/sinpes.org.br\/site\/wp-json\/wp\/v2\/posts\/250\/revisions\/807"}],"wp:attachment":[{"href":"https:\/\/sinpes.org.br\/site\/wp-json\/wp\/v2\/media?parent=250"}],"wp:term":[{"taxonomy":"category","embeddable":true,"href":"https:\/\/sinpes.org.br\/site\/wp-json\/wp\/v2\/categories?post=250"},{"taxonomy":"post_tag","embeddable":true,"href":"https:\/\/sinpes.org.br\/site\/wp-json\/wp\/v2\/tags?post=250"}],"curies":[{"name":"wp","href":"https:\/\/api.w.org\/{rel}","templated":true}]}}