{"id":25,"date":"2013-10-22T22:25:32","date_gmt":"2013-10-23T00:25:32","guid":{"rendered":"http:\/\/sinpes.org.br\/site\/?p=25"},"modified":"2015-10-29T16:18:25","modified_gmt":"2015-10-29T18:18:25","slug":"ferias-2014-todos-os-professores","status":"publish","type":"post","link":"https:\/\/sinpes.org.br\/site\/ferias-2014-todos-os-professores\/","title":{"rendered":"F\u00e9rias 2014 &#8211; todos os professores"},"content":{"rendered":"<p>No que se refere ao problem\u00e1tico ano da Copa do Mundo, as negocia\u00e7\u00f5es encontram-se abertas at\u00e9 o dia 15 de agosto com o SINEPE, a fim de se chegar a uma solu\u00e7\u00e3o que padronize as f\u00e9rias escolares, pelo menos no ano de 2014.<\/p>\n<p>Ou se aplica a Lei da Copa que garante a n\u00e3o atividade letiva no per\u00edodo da Copa do Mundo no Brasil, ou se aplica o parecer do MEC, que d\u00e1 liberdade aos sistemas de ensino para a fixa\u00e7\u00e3o do calend\u00e1rio, mas de forma a preservar per\u00edodo de f\u00e9rias condigno e homog\u00eaneo para as diversas institui\u00e7\u00f5es de ensino.<\/p>\n<p>Em caso de malogro destas negocia\u00e7\u00f5es, o SINPES j\u00e1 prepara um turbilh\u00e3o de a\u00e7\u00f5es trabalhistas contra todas as institui\u00e7\u00f5es de ensino privadas, a fim de garantir este direito b\u00e1sico dos professores que desde h\u00e1 muito vem sendo solapado pelos empregadores.<\/p>\n<p><strong>Aguardem novas not\u00edcias na segunda quinzena de agosto!<\/strong><\/p>\n<!-- AddThis Advanced Settings generic via filter on the_content --><!-- AddThis Share Buttons generic via filter on the_content -->","protected":false},"excerpt":{"rendered":"<p>No que se refere ao problem\u00e1tico ano da Copa do Mundo, as negocia\u00e7\u00f5es encontram-se abertas at\u00e9 o dia 15 de agosto com o SINEPE, a fim de se chegar a uma solu\u00e7\u00e3o que padronize as f\u00e9rias escolares, pelo menos no ano de 2014. Ou se aplica a Lei da Copa que garante a n\u00e3o atividade [&hellip;]<!-- AddThis Advanced Settings generic via filter on wp_trim_excerpt --><!-- AddThis Share Buttons generic via filter on wp_trim_excerpt --><\/p>\n","protected":false},"author":2,"featured_media":0,"comment_status":"open","ping_status":"open","sticky":false,"template":"","format":"standard","meta":{"footnotes":""},"categories":[5],"tags":[81,22],"class_list":["post-25","post","type-post","status-publish","format-standard","hentry","category-sinpes","tag-ferias","tag-professores"],"_links":{"self":[{"href":"https:\/\/sinpes.org.br\/site\/wp-json\/wp\/v2\/posts\/25","targetHints":{"allow":["GET"]}}],"collection":[{"href":"https:\/\/sinpes.org.br\/site\/wp-json\/wp\/v2\/posts"}],"about":[{"href":"https:\/\/sinpes.org.br\/site\/wp-json\/wp\/v2\/types\/post"}],"author":[{"embeddable":true,"href":"https:\/\/sinpes.org.br\/site\/wp-json\/wp\/v2\/users\/2"}],"replies":[{"embeddable":true,"href":"https:\/\/sinpes.org.br\/site\/wp-json\/wp\/v2\/comments?post=25"}],"version-history":[{"count":1,"href":"https:\/\/sinpes.org.br\/site\/wp-json\/wp\/v2\/posts\/25\/revisions"}],"predecessor-version":[{"id":26,"href":"https:\/\/sinpes.org.br\/site\/wp-json\/wp\/v2\/posts\/25\/revisions\/26"}],"wp:attachment":[{"href":"https:\/\/sinpes.org.br\/site\/wp-json\/wp\/v2\/media?parent=25"}],"wp:term":[{"taxonomy":"category","embeddable":true,"href":"https:\/\/sinpes.org.br\/site\/wp-json\/wp\/v2\/categories?post=25"},{"taxonomy":"post_tag","embeddable":true,"href":"https:\/\/sinpes.org.br\/site\/wp-json\/wp\/v2\/tags?post=25"}],"curies":[{"name":"wp","href":"https:\/\/api.w.org\/{rel}","templated":true}]}}