{"id":2481,"date":"2019-03-19T17:30:48","date_gmt":"2019-03-19T20:30:48","guid":{"rendered":"https:\/\/sinpes.org.br\/site\/?p=2481"},"modified":"2019-03-19T17:31:48","modified_gmt":"2019-03-19T20:31:48","slug":"facel-na-contra-mao-da-lei-de-greve","status":"publish","type":"post","link":"https:\/\/sinpes.org.br\/site\/facel-na-contra-mao-da-lei-de-greve\/","title":{"rendered":"Facel na Contra-M\u00e3o da Lei de Greve"},"content":{"rendered":"<p style=\"text-align: justify;\">Por mais que os setores mais atrasados da nossa sociedade desejem o contr\u00e1rio, o direito de greve \u00e9 uma garantia expressa inserida no artigo 9\u00ba da Constitui\u00e7\u00e3o Federal, que assim disp\u00f5e: \u201c\u00c9 assegurado o direito de greve, competindo aos trabalhadores decidir sobre a oportunidade de exerc\u00ea-lo e sobre os interesses que devam por meio dele defender.\u201d.<!--more--><\/p>\n<p style=\"text-align: justify;\"><img loading=\"lazy\" decoding=\"async\" class=\"foto alignleft wp-image-2482 size-medium\" src=\"https:\/\/sinpes.org.br\/site\/wp-content\/uploads\/2019\/03\/GREVE-e-um-direito-300x216.jpg\" alt=\"\" width=\"300\" height=\"216\" srcset=\"https:\/\/sinpes.org.br\/site\/wp-content\/uploads\/2019\/03\/GREVE-e-um-direito-300x216.jpg 300w, https:\/\/sinpes.org.br\/site\/wp-content\/uploads\/2019\/03\/GREVE-e-um-direito-768x554.jpg 768w, https:\/\/sinpes.org.br\/site\/wp-content\/uploads\/2019\/03\/GREVE-e-um-direito-1024x739.jpg 1024w, https:\/\/sinpes.org.br\/site\/wp-content\/uploads\/2019\/03\/GREVE-e-um-direito.jpg 1080w\" sizes=\"auto, (max-width: 300px) 100vw, 300px\" \/>Ap\u00f3s in\u00fameras tentativas de negocia\u00e7\u00e3o para o recebimento de sal\u00e1rios atrasados por muitos meses, compreens\u00edvel que os professores da FACEL tenham optado por paraliza\u00e7\u00e3o por tempo indeterminado.<\/p>\n<p style=\"text-align: justify;\">O par\u00e1grafo \u00fanico do artigo 7\u00ba da Lei 7.783\/89 veda a rescis\u00e3o do contrato de trabalho durante a greve bem como a substitui\u00e7\u00e3o dos grevistas enquanto durar o movimento.<\/p>\n<p style=\"text-align: justify;\">Ao contratar professores para substituir os grevistas, al\u00e9m de cometer ilegalidade flagrante, a FACEL dificulta o di\u00e1logo necess\u00e1rio para que as partes cheguem a um denominador comum.<\/p>\n<p style=\"text-align: justify;\">Tamb\u00e9m em nada auxilia a solu\u00e7\u00e3o do problema desinformar os alunos com not\u00edcias que n\u00e3o condizem com a realidade, tais como uma fantasiosa recusa por parte dos professores de uma proposta para pagamento imediato de 70% dos sal\u00e1rios em atraso.<\/p>\n<p style=\"text-align: justify;\">A verdade nua e crua \u00e9 que at\u00e9 o presente momento n\u00e3o foi apresentada nenhuma proposta patronal razo\u00e1vel para por fim ao movimento.<\/p>\n<p style=\"text-align: justify;\">A utiliza\u00e7\u00e3o dos recursos do FIES para pagamento dos sal\u00e1rios atrasados sem a comprova\u00e7\u00e3o da exist\u00eancia de cr\u00e9ditos suficientes n\u00e3o se reveste da seriedade que o delicado momento requer.<\/p>\n<p style=\"text-align: justify;\">O Sinpes e os professores reunidos em assembleia geral no pr\u00f3ximo dia 21 de mar\u00e7o esperam poder analisar uma proposta que ponha fim \u00e0 greve deflagrada mediante pagamento substancial dos valores salariais e de FGTS pendentes.<\/p>\n<p>&nbsp;<\/p>\n<!-- AddThis Advanced Settings generic via filter on the_content --><!-- AddThis Share Buttons generic via filter on the_content -->","protected":false},"excerpt":{"rendered":"<p>Por mais que os setores mais atrasados da nossa sociedade desejem o contr\u00e1rio, o direito de greve \u00e9 uma garantia expressa inserida no artigo 9\u00ba da Constitui\u00e7\u00e3o Federal, que assim disp\u00f5e: \u201c\u00c9 assegurado o direito de greve, competindo aos trabalhadores decidir sobre a oportunidade de exerc\u00ea-lo e sobre os interesses que devam por meio dele [&hellip;]<!-- AddThis Advanced Settings generic via filter on wp_trim_excerpt --><!-- AddThis Share Buttons generic via filter on wp_trim_excerpt --><\/p>\n","protected":false},"author":2,"featured_media":2482,"comment_status":"closed","ping_status":"open","sticky":false,"template":"","format":"standard","meta":{"footnotes":""},"categories":[56,13],"tags":[57,83],"class_list":["post-2481","post","type-post","status-publish","format-standard","has-post-thumbnail","hentry","category-facel","category-home","tag-facel","tag-greve"],"_links":{"self":[{"href":"https:\/\/sinpes.org.br\/site\/wp-json\/wp\/v2\/posts\/2481","targetHints":{"allow":["GET"]}}],"collection":[{"href":"https:\/\/sinpes.org.br\/site\/wp-json\/wp\/v2\/posts"}],"about":[{"href":"https:\/\/sinpes.org.br\/site\/wp-json\/wp\/v2\/types\/post"}],"author":[{"embeddable":true,"href":"https:\/\/sinpes.org.br\/site\/wp-json\/wp\/v2\/users\/2"}],"replies":[{"embeddable":true,"href":"https:\/\/sinpes.org.br\/site\/wp-json\/wp\/v2\/comments?post=2481"}],"version-history":[{"count":3,"href":"https:\/\/sinpes.org.br\/site\/wp-json\/wp\/v2\/posts\/2481\/revisions"}],"predecessor-version":[{"id":2485,"href":"https:\/\/sinpes.org.br\/site\/wp-json\/wp\/v2\/posts\/2481\/revisions\/2485"}],"wp:featuredmedia":[{"embeddable":true,"href":"https:\/\/sinpes.org.br\/site\/wp-json\/wp\/v2\/media\/2482"}],"wp:attachment":[{"href":"https:\/\/sinpes.org.br\/site\/wp-json\/wp\/v2\/media?parent=2481"}],"wp:term":[{"taxonomy":"category","embeddable":true,"href":"https:\/\/sinpes.org.br\/site\/wp-json\/wp\/v2\/categories?post=2481"},{"taxonomy":"post_tag","embeddable":true,"href":"https:\/\/sinpes.org.br\/site\/wp-json\/wp\/v2\/tags?post=2481"}],"curies":[{"name":"wp","href":"https:\/\/api.w.org\/{rel}","templated":true}]}}