{"id":2468,"date":"2019-03-07T23:20:07","date_gmt":"2019-03-08T02:20:07","guid":{"rendered":"https:\/\/sinpes.org.br\/site\/?p=2468"},"modified":"2019-03-07T23:20:48","modified_gmt":"2019-03-08T02:20:48","slug":"professores-da-facel-discutem-greve-por-tempo-indeterminado","status":"publish","type":"post","link":"https:\/\/sinpes.org.br\/site\/professores-da-facel-discutem-greve-por-tempo-indeterminado\/","title":{"rendered":"Professores da Facel Discutem Greve por Tempo Indeterminado"},"content":{"rendered":"<p style=\"text-align: justify;\">Os professores da FACEL est\u00e3o indignados com o descaso dos administradores que se instalaram ap\u00f3s o t\u00e9rmino da interven\u00e7\u00e3o judicial. Isto porque os mesmos vem atuando sem a menor considera\u00e7\u00e3o para com os alunos, os docentes e os auxiliares de administra\u00e7\u00e3o escolar, esses \u00faltimos h\u00e1 v\u00e1rios meses sem receber regularmente seus sal\u00e1rios.<!--more--><\/p>\n<p style=\"text-align: justify;\"><img loading=\"lazy\" decoding=\"async\" class=\".foto alignleft wp-image-2469 size-medium\" src=\"https:\/\/sinpes.org.br\/site\/wp-content\/uploads\/2019\/03\/greve-carregando-300x136.png\" alt=\"\" width=\"300\" height=\"136\" srcset=\"https:\/\/sinpes.org.br\/site\/wp-content\/uploads\/2019\/03\/greve-carregando-300x136.png 300w, https:\/\/sinpes.org.br\/site\/wp-content\/uploads\/2019\/03\/greve-carregando.png 488w\" sizes=\"auto, (max-width: 300px) 100vw, 300px\" \/>A situa\u00e7\u00e3o vinha sendo tolerada pelos empregados a t\u00edtulo de cr\u00e9dito de confian\u00e7a ao Administrador Judicial. Este p\u00f4s em pr\u00e1tica um plano ousado de recupera\u00e7\u00e3o da institui\u00e7\u00e3o de ensino superior que permitia vislumbrar uma sa\u00edda honrosa para os dif\u00edceis problemas financeiros.<\/p>\n<p style=\"text-align: justify;\">Alguns indicadores como o aumento do n\u00famero de alunos, dos recursos oriundos do FIES (utilizados por acordo judicial para pagar sal\u00e1rios atrasados at\u00e9 10 de julho de 2017) e a manuten\u00e7\u00e3o de uma dire\u00e7\u00e3o comprometida com os direitos de todos os integrantes da comunidade acad\u00eamica garantiram que todos os envolvidos oferecessem sua cota de sacrif\u00edcio para o saneamento financeiro dessa institui\u00e7\u00e3o de ensino superior.<\/p>\n<p style=\"text-align: justify;\">Com a cessa\u00e7\u00e3o da interven\u00e7\u00e3o, decorrente do pagamento de vultuosa d\u00edvida trabalhista no processo judicial em que a mesma fora decretada, o que mais revolta os integrantes do corpo docente da FACEL \u00e9 que os recursos cuja exist\u00eancia ficou demonstrada com o pagamento da d\u00edvida judicial para por fim \u00e0 interven\u00e7\u00e3o n\u00e3o aparecem para quitar os sal\u00e1rios em atraso.<\/p>\n<p style=\"text-align: justify;\">Ao ser indagado acerca do tema o suposto novo propriet\u00e1rio da FACEL desconversa e pede a mesma compreens\u00e3o demonstrada pelos professores por ocasi\u00e3o da Administra\u00e7\u00e3o Judicial. Acontece que os gestores que dizem ser os novos propriet\u00e1rios da FACEL continuam atuando em nome do propriet\u00e1rio anterior na contram\u00e3o dos esfor\u00e7os despendidos pelo Administrador, o que sinaliza a derrocada iminente dessa institui\u00e7\u00e3o de ensino.<\/p>\n<p style=\"text-align: justify;\">Atendendo pedido dos professores o Sinpes convocou assembleia geral para o pr\u00f3ximo dia 09 de mar\u00e7o de 2019 \u00e0s 11h30min, no hall de entrada do Sindicato, situado no sexto andar do Edif\u00edcio Center Tower na Rua Marechal Deodoro 869. Na ocasi\u00e3o os professores discutir\u00e3o diversas medidas de press\u00e3o contra os negligentes administradores da FACEL. Dentre elas ratificar o novo pedido de interven\u00e7\u00e3o judicial em processos cujo autor \u00e9 o Sindicato dos Professores do Ensino Superior de Curitiba e deflagrar greve por tempo indeterminado.<\/p>\n<p style=\"text-align: justify;\">Professores ex-professores da FACEL compare\u00e7am a esse ato de mobiliza\u00e7\u00e3o pois a Uni\u00e3o faz a For\u00e7a. Alunos, empregados n\u00e3o docentes e simpatizantes da causa s\u00e3o bem vindos com garantia de livre manifesta\u00e7\u00e3o.<\/p>\n<p>&nbsp;<\/p>\n<!-- AddThis Advanced Settings generic via filter on the_content --><!-- AddThis Share Buttons generic via filter on the_content -->","protected":false},"excerpt":{"rendered":"<p>Os professores da FACEL est\u00e3o indignados com o descaso dos administradores que se instalaram ap\u00f3s o t\u00e9rmino da interven\u00e7\u00e3o judicial. Isto porque os mesmos vem atuando sem a menor considera\u00e7\u00e3o para com os alunos, os docentes e os auxiliares de administra\u00e7\u00e3o escolar, esses \u00faltimos h\u00e1 v\u00e1rios meses sem receber regularmente seus sal\u00e1rios.<!-- AddThis Advanced Settings generic via filter on wp_trim_excerpt --><!-- AddThis Share Buttons generic via filter on wp_trim_excerpt --><\/p>\n","protected":false},"author":2,"featured_media":2469,"comment_status":"closed","ping_status":"open","sticky":false,"template":"","format":"standard","meta":{"footnotes":""},"categories":[56,13],"tags":[57,83],"class_list":["post-2468","post","type-post","status-publish","format-standard","has-post-thumbnail","hentry","category-facel","category-home","tag-facel","tag-greve"],"_links":{"self":[{"href":"https:\/\/sinpes.org.br\/site\/wp-json\/wp\/v2\/posts\/2468","targetHints":{"allow":["GET"]}}],"collection":[{"href":"https:\/\/sinpes.org.br\/site\/wp-json\/wp\/v2\/posts"}],"about":[{"href":"https:\/\/sinpes.org.br\/site\/wp-json\/wp\/v2\/types\/post"}],"author":[{"embeddable":true,"href":"https:\/\/sinpes.org.br\/site\/wp-json\/wp\/v2\/users\/2"}],"replies":[{"embeddable":true,"href":"https:\/\/sinpes.org.br\/site\/wp-json\/wp\/v2\/comments?post=2468"}],"version-history":[{"count":2,"href":"https:\/\/sinpes.org.br\/site\/wp-json\/wp\/v2\/posts\/2468\/revisions"}],"predecessor-version":[{"id":2471,"href":"https:\/\/sinpes.org.br\/site\/wp-json\/wp\/v2\/posts\/2468\/revisions\/2471"}],"wp:featuredmedia":[{"embeddable":true,"href":"https:\/\/sinpes.org.br\/site\/wp-json\/wp\/v2\/media\/2469"}],"wp:attachment":[{"href":"https:\/\/sinpes.org.br\/site\/wp-json\/wp\/v2\/media?parent=2468"}],"wp:term":[{"taxonomy":"category","embeddable":true,"href":"https:\/\/sinpes.org.br\/site\/wp-json\/wp\/v2\/categories?post=2468"},{"taxonomy":"post_tag","embeddable":true,"href":"https:\/\/sinpes.org.br\/site\/wp-json\/wp\/v2\/tags?post=2468"}],"curies":[{"name":"wp","href":"https:\/\/api.w.org\/{rel}","templated":true}]}}