{"id":200,"date":"2007-03-20T16:17:50","date_gmt":"2007-03-20T19:17:50","guid":{"rendered":"http:\/\/sinpes.org.br\/site\/?p=200"},"modified":"2015-10-29T16:35:49","modified_gmt":"2015-10-29T18:35:49","slug":"termo-aditivo-a-convencao-coletiva-de-trabalho-20062007","status":"publish","type":"post","link":"https:\/\/sinpes.org.br\/site\/termo-aditivo-a-convencao-coletiva-de-trabalho-20062007\/","title":{"rendered":"Termo Aditivo \u00e0 Conven\u00e7\u00e3o Coletiva de Trabalho 2006\/2007"},"content":{"rendered":"<p class=\"style10\"><strong>CATEGORIA ECON\u00d4MICA: <\/strong>SINDICATO DOS \u00a0ESTABELECIMENTOS PARTICULARES DE ENSINO DO ESTADO DO PARAN\u00c1 \u2013 SINEPE\/PR.<\/p>\n<p class=\"style10\"><strong>CATEGORIA PROFISSIONAL:\u00a0 <\/strong>SINDICATO DOS PROFESSORES DO ENSINO SUPERIOR DE CURITIBA E DA REGI\u00c3O METROPOLITANA &#8211; SINPES.<\/p>\n<p class=\"style10\">As entidades sindicais supracitadas celebram atrav\u00e9s do presente instrumento, nos termos do artigo 611 e subseq\u00fcentes da Consolida\u00e7\u00e3o das Leis do Trabalho, o presente <strong>TERMO ADITIVO \u00c0 CONVEN\u00c7\u00c3O COLETIVA DE TRABALHO 2006\/2007<\/strong>, vigente at\u00e9 31.08.2007, nos seguintes termos:<\/p>\n<p class=\"style10\"><strong>01 &#8211; REAJUSTE SALARIAL &#8211;<\/strong> A cl\u00e1usula Segunda da Conven\u00e7\u00e3o Coletiva vigente passa a viger com a seguinte reda\u00e7\u00e3o:<\/p>\n<p>Fica concedido reajuste salarial a todos os Professores abrangidos por este instrumento, no percentual de 2,93% (dois v\u00edrgula noventa e tr\u00eas por cento), incidente sobre os sal\u00e1rios de 01\/02\/2006, a ser aplicado a partir do pagamento dos sal\u00e1rios de 01\/02\/2007.<\/p>\n<p class=\"style10\"><strong>Par\u00e1grafo Primeiro:<\/strong> Poder\u00e3o ser compensados os aumentos espont\u00e2neos concedidos no per\u00edodo compreendido entre 01\/02\/2006 e 31\/01\/2007, ressalvando-se a n\u00e3o compensa\u00e7\u00e3o dos aumentos decorrentes de promo\u00e7\u00e3o funcional ou por m\u00e9rito, equipara\u00e7\u00e3o salarial determinada por senten\u00e7a transitada em julgado e aumento real, expressamente concedido a este t\u00edtulo.<\/p>\n<p class=\"style10\"><strong>Par\u00e1grafo Segundo:<\/strong> Aos Professores admitidos ap\u00f3s 01\/02\/2006 o reajuste salarial mencionado no caput ser\u00e1 aplicado proporcionalmente ao tempo de servi\u00e7o, considerando-se como m\u00eas integral, para efeitos de c\u00e1lculo, o n\u00famero de dias igual ou superior a 16 (dezesseis) dias.<\/p>\n<p class=\"style10\"><strong>02 &#8211; PISO SALARIAL &#8211;<\/strong> A cl\u00e1usula Quinta da Conven\u00e7\u00e3o Coletiva 2006\/2007 passa a viger com a seguinte reda\u00e7\u00e3o:<\/p>\n<p>Convenciona-se que o piso salarial a partir de 01.02.2007 \u00e9 de R$ 12,62 por hora-aula para gradua\u00e7\u00e3o e de R$ 21,19 por hora-aula para p\u00f3s-gradua\u00e7\u00e3o.<\/p>\n<p class=\"style10\"><strong>Par\u00e1grafo Primeiro:<\/strong> Ao valor supracitado dever\u00e1 ser acrescido cumulativamente descanso semanal remunerado (1\/6) + 12% de hora-atividade, para integraliza\u00e7\u00e3o do piso salarial respectivo, conforme tabela abaixo:<\/p>\n<table border=\"1\" width=\"100%\" cellspacing=\"0\" cellpadding=\"2\" bgcolor=\"#FFFFFF\">\n<tbody>\n<tr bgcolor=\"#CCCCCC\">\n<td><\/td>\n<td>\n<div class=\"style10\" align=\"center\">\n<div align=\"center\"><b>A<\/b><\/div>\n<\/div>\n<\/td>\n<td>\n<div class=\"style10\" align=\"center\">\n<div align=\"center\"><b>B<\/b><\/div>\n<\/div>\n<\/td>\n<td>\n<div class=\"style10\" align=\"center\">\n<div align=\"center\"><b>C<\/b><\/div>\n<\/div>\n<\/td>\n<td><\/td>\n<\/tr>\n<tr bgcolor=\"#CCCCCC\">\n<td>\n<div class=\"style10\" align=\"center\"><b>Categoria<\/b><\/div>\n<\/td>\n<td>\n<div class=\"style10\" align=\"center\">\n<div align=\"center\"><b>Sal\u00e1rio Base<\/b><\/div>\n<\/div>\n<\/td>\n<td>\n<div class=\"style10\" align=\"center\">\n<div align=\"center\"><b>D.S.R.<br \/>\n1\/6 de A<\/b><\/div>\n<\/div>\n<\/td>\n<td>\n<div class=\"style10\" align=\"center\">\n<div align=\"center\"><b>H. Ativ.<br \/>\n12% de A + B<\/b><\/div>\n<\/div>\n<\/td>\n<td>\n<div class=\"style10\" align=\"center\">\n<div align=\"center\"><b>Total<br \/>\nA+B+C <\/b><\/div>\n<\/div>\n<\/td>\n<\/tr>\n<tr>\n<td class=\"style10\">Gradua\u00e7\u00e3o<\/td>\n<td>\n<div class=\"style10\" align=\"right\">\n<div align=\"center\">R$ 12,62<\/div>\n<\/div>\n<\/td>\n<td>\n<div class=\"style10\" align=\"right\">\n<div align=\"center\">R$ 2,10<\/div>\n<\/div>\n<\/td>\n<td>\n<div class=\"style10\" align=\"right\">\n<div align=\"center\">R$ 1,76<\/div>\n<\/div>\n<\/td>\n<td>\n<div class=\"style10\" align=\"right\">\n<div align=\"center\">R$ 16,48<\/div>\n<\/div>\n<\/td>\n<\/tr>\n<tr>\n<td class=\"style10\">P\u00f3s-Gradua\u00e7\u00e3o<\/td>\n<td>\n<div class=\"style10\" align=\"right\">\n<div align=\"center\">R$ 21,19<\/div>\n<\/div>\n<\/td>\n<td>\n<div class=\"style10\" align=\"right\">\n<div align=\"center\">R$ 3,53<\/div>\n<\/div>\n<\/td>\n<td>\n<div class=\"style10\" align=\"right\">\n<div align=\"center\">R$ 2,96<\/div>\n<\/div>\n<\/td>\n<td>\n<div class=\"style10\" align=\"right\">\n<div align=\"center\">R$ 27,68<\/div>\n<\/div>\n<\/td>\n<\/tr>\n<\/tbody>\n<\/table>\n<p class=\"style10\"><strong>Par\u00e1grafo Segundo:<\/strong> Nenhuma institui\u00e7\u00e3o de ensino poder\u00e1 pagar piso inferior ao estabelecido, salvo acordo firmado com o SINPES, assistido pelo SINEPE, sob pena de invalidade do mesmo.<\/p>\n<p class=\"style10\"><strong>Par\u00e1grafo Terceiro:<\/strong> Ficam respeitados os planos de cargos e sal\u00e1rios previstos no Regimento Interno ou Planos de Carreira de cada Institui\u00e7\u00e3o de Ensino que n\u00e3o contrariem o estabelecido nas cl\u00e1usulas anteriores nem as regras convencionais e legais aplic\u00e1veis \u00e0s categorias convenentes.<\/p>\n<p class=\"style10\"><strong>04 &#8211; VIG\u00caNCIA &#8211;<\/strong> O presente Termo Aditivo ter\u00e1 vig\u00eancia no per\u00edodo compreendido entre 01.09.2006 e 31.08.2007, permanecendo inalteradas as demais cl\u00e1usulas da Conven\u00e7\u00e3o Coletiva de Trabalho vigente.<\/p>\n<p class=\"style10\">Por estarem de acordo as partes assinam o presente Termo Aditivo \u00e0 Conven\u00e7\u00e3o Coletiva de Trabalho 2006\/2007.<\/p>\n<p class=\"style10\">\n<p class=\"style10\">Curitiba, 20 de mar\u00e7o de 2007.<\/p>\n<!-- AddThis Advanced Settings generic via filter on the_content --><!-- AddThis Share Buttons generic via filter on the_content -->","protected":false},"excerpt":{"rendered":"<p>CATEGORIA ECON\u00d4MICA: SINDICATO DOS \u00a0ESTABELECIMENTOS PARTICULARES DE ENSINO DO ESTADO DO PARAN\u00c1 \u2013 SINEPE\/PR. CATEGORIA PROFISSIONAL:\u00a0 SINDICATO DOS PROFESSORES DO ENSINO SUPERIOR DE CURITIBA E DA REGI\u00c3O METROPOLITANA &#8211; SINPES. As entidades sindicais supracitadas celebram atrav\u00e9s do presente instrumento, nos termos do artigo 611 e subseq\u00fcentes da Consolida\u00e7\u00e3o das Leis do Trabalho, o presente TERMO [&hellip;]<!-- AddThis Advanced Settings generic via filter on wp_trim_excerpt --><!-- AddThis Share Buttons generic via filter on wp_trim_excerpt --><\/p>\n","protected":false},"author":2,"featured_media":0,"comment_status":"closed","ping_status":"open","sticky":false,"template":"","format":"standard","meta":{"footnotes":""},"categories":[15],"tags":[70,66],"class_list":["post-200","post","type-post","status-publish","format-standard","hentry","category-termos-aditivos","tag-convencoes-coletivas-de-trabalho","tag-termo-aditivo"],"_links":{"self":[{"href":"https:\/\/sinpes.org.br\/site\/wp-json\/wp\/v2\/posts\/200","targetHints":{"allow":["GET"]}}],"collection":[{"href":"https:\/\/sinpes.org.br\/site\/wp-json\/wp\/v2\/posts"}],"about":[{"href":"https:\/\/sinpes.org.br\/site\/wp-json\/wp\/v2\/types\/post"}],"author":[{"embeddable":true,"href":"https:\/\/sinpes.org.br\/site\/wp-json\/wp\/v2\/users\/2"}],"replies":[{"embeddable":true,"href":"https:\/\/sinpes.org.br\/site\/wp-json\/wp\/v2\/comments?post=200"}],"version-history":[{"count":2,"href":"https:\/\/sinpes.org.br\/site\/wp-json\/wp\/v2\/posts\/200\/revisions"}],"predecessor-version":[{"id":690,"href":"https:\/\/sinpes.org.br\/site\/wp-json\/wp\/v2\/posts\/200\/revisions\/690"}],"wp:attachment":[{"href":"https:\/\/sinpes.org.br\/site\/wp-json\/wp\/v2\/media?parent=200"}],"wp:term":[{"taxonomy":"category","embeddable":true,"href":"https:\/\/sinpes.org.br\/site\/wp-json\/wp\/v2\/categories?post=200"},{"taxonomy":"post_tag","embeddable":true,"href":"https:\/\/sinpes.org.br\/site\/wp-json\/wp\/v2\/tags?post=200"}],"curies":[{"name":"wp","href":"https:\/\/api.w.org\/{rel}","templated":true}]}}