{"id":1931,"date":"2018-09-21T13:16:14","date_gmt":"2018-09-21T16:16:14","guid":{"rendered":"https:\/\/sinpes.org.br\/site\/?p=1931"},"modified":"2018-09-21T14:57:24","modified_gmt":"2018-09-21T17:57:24","slug":"justica-do-trabalho-condena-falec-a-pagar-multas-pelo-atraso-de-salarios","status":"publish","type":"post","link":"https:\/\/sinpes.org.br\/site\/justica-do-trabalho-condena-falec-a-pagar-multas-pelo-atraso-de-salarios\/","title":{"rendered":"Justi\u00e7a do Trabalho Condena FALEC a Pagar Multas pelo Atraso de Sal\u00e1rios"},"content":{"rendered":"<p style=\"text-align: justify;\"><img loading=\"lazy\" decoding=\"async\" class=\"foto alignleft wp-image-1940 size-full\" src=\"https:\/\/sinpes.org.br\/site\/wp-content\/uploads\/2018\/09\/falec.jpg\" alt=\"\" width=\"284\" height=\"160\" \/>O Juiz do Trabalho da 6\u00aa Vara de Curitiba, Dr. Amauri Haruo Mori no dia 17 de agosto de 2018 julgou parcialmente procedente a\u00e7\u00e3o ajuizada pelo Sinpes em que s\u00e3o cobradas em nome dos professores multas pelo pagamento de sal\u00e1rios atrasados mais indeniza\u00e7\u00e3o por danos morais no percentual de 10% dos valores em atraso. As multas foram limitadas a 31.08.2017 pois na data da prola\u00e7\u00e3o da senten\u00e7a ainda n\u00e3o havia sido assinada a conven\u00e7\u00e3o coletiva vigente a partir de 01.09.2017<\/p>\n<p style=\"text-align: justify;\">Contra essa decis\u00e3o ambas as partes recorreram. O SINPES solicitando que se estenda a condena\u00e7\u00e3o ao pagamento das multas a partir de 01.08.2017 com base em documento novo, sustentando que a CCT 2017\/2018 somente foi assinada em 31.08.2018, ap\u00f3s a publica\u00e7\u00e3o da senten\u00e7a condenat\u00f3ria.<\/p>\n<p style=\"text-align: justify;\">O SINPES insurge-se tamb\u00e9m contra a exclus\u00e3o do benef\u00edcio em rela\u00e7\u00e3o a 9 professores que se \u201copuseram\u201d ao ajuizamento da a\u00e7\u00e3o assinando documento nesse sentido, o qual foi juntado aos autos pela advogada do empregador. Segundo sustentado pelo sindicato, oposi\u00e7\u00e3o ao ajuizamento da a\u00e7\u00e3o n\u00e3o quer significar desist\u00eancia da a\u00e7\u00e3o, raz\u00e3o pela qual esses professores n\u00e3o podem ficar alijados dos benef\u00edcios obtidos. Por outro lado, a forma como foram redigidos e juntados aos autos bem evidencia o v\u00edcio do consentimento que invalida as declara\u00e7\u00f5es, especialmente nesses tempos de desemprego crescente.<\/p>\n<!-- AddThis Advanced Settings generic via filter on the_content --><!-- AddThis Share Buttons generic via filter on the_content -->","protected":false},"excerpt":{"rendered":"<p>O Juiz do Trabalho da 6\u00aa Vara de Curitiba, Dr. Amauri Haruo Mori no dia 17 de agosto de 2018 julgou parcialmente procedente a\u00e7\u00e3o ajuizada pelo Sinpes em que s\u00e3o cobradas em nome dos professores multas pelo pagamento de sal\u00e1rios atrasados mais indeniza\u00e7\u00e3o por danos morais no percentual de 10% dos valores em atraso. As [&hellip;]<!-- AddThis Advanced Settings generic via filter on wp_trim_excerpt --><!-- AddThis Share Buttons generic via filter on wp_trim_excerpt --><\/p>\n","protected":false},"author":2,"featured_media":0,"comment_status":"closed","ping_status":"open","sticky":false,"template":"","format":"standard","meta":{"footnotes":""},"categories":[18,329],"tags":[325,197,324,326],"class_list":["post-1931","post","type-post","status-publish","format-standard","hentry","category-destaque","category-falec","tag-atraso-de-salarios","tag-falec","tag-justica-do-trabalho","tag-multa"],"_links":{"self":[{"href":"https:\/\/sinpes.org.br\/site\/wp-json\/wp\/v2\/posts\/1931","targetHints":{"allow":["GET"]}}],"collection":[{"href":"https:\/\/sinpes.org.br\/site\/wp-json\/wp\/v2\/posts"}],"about":[{"href":"https:\/\/sinpes.org.br\/site\/wp-json\/wp\/v2\/types\/post"}],"author":[{"embeddable":true,"href":"https:\/\/sinpes.org.br\/site\/wp-json\/wp\/v2\/users\/2"}],"replies":[{"embeddable":true,"href":"https:\/\/sinpes.org.br\/site\/wp-json\/wp\/v2\/comments?post=1931"}],"version-history":[{"count":2,"href":"https:\/\/sinpes.org.br\/site\/wp-json\/wp\/v2\/posts\/1931\/revisions"}],"predecessor-version":[{"id":1941,"href":"https:\/\/sinpes.org.br\/site\/wp-json\/wp\/v2\/posts\/1931\/revisions\/1941"}],"wp:attachment":[{"href":"https:\/\/sinpes.org.br\/site\/wp-json\/wp\/v2\/media?parent=1931"}],"wp:term":[{"taxonomy":"category","embeddable":true,"href":"https:\/\/sinpes.org.br\/site\/wp-json\/wp\/v2\/categories?post=1931"},{"taxonomy":"post_tag","embeddable":true,"href":"https:\/\/sinpes.org.br\/site\/wp-json\/wp\/v2\/tags?post=1931"}],"curies":[{"name":"wp","href":"https:\/\/api.w.org\/{rel}","templated":true}]}}