{"id":1929,"date":"2018-09-21T13:13:33","date_gmt":"2018-09-21T16:13:33","guid":{"rendered":"https:\/\/sinpes.org.br\/site\/?p=1929"},"modified":"2018-09-21T13:13:33","modified_gmt":"2018-09-21T16:13:33","slug":"puc-pr-audiencia-inicial-que-exige-que-os-recreios-sejam-remunerados-como-horas-extras","status":"publish","type":"post","link":"https:\/\/sinpes.org.br\/site\/puc-pr-audiencia-inicial-que-exige-que-os-recreios-sejam-remunerados-como-horas-extras\/","title":{"rendered":"PUC\/PR: Audi\u00eancia Inicial Que Exige Que os  \u201cRecreios\u201d Sejam Remunerados como Horas Extras"},"content":{"rendered":"<p style=\"text-align: justify;\">No dia 20 de agosto de 2018 foi realizada na 2O\u00aa Vara do Trabalho de Curitiba a audi\u00eancia inicial no processo em que o Sinpes postula o pagamento como extras aos professores da PUCPR dos hor\u00e1rios de intervalos popularmente conhecidos como \u201crecreios\u201d.<\/p>\n<p style=\"text-align: justify;\">\n<p style=\"text-align: justify;\">Segundo a tese sustentada pelo SINPES e endossada por in\u00fameras decis\u00f5es do Tribunal Superior do Trabalho em a\u00e7\u00f5es individuais, o professor faz jus ao recebimento dos intervalos entre aulas como extras porque fica \u00e0 disposi\u00e7\u00e3o do empregador atendendo alunos e recebendo ordens de seus superiores hier\u00e1rquicos.<\/p>\n<p style=\"text-align: justify;\">\n<p style=\"text-align: justify;\">Trata-se de constru\u00e7\u00e3o doutrin\u00e1ria que surgiu h\u00e1 n\u00e3o muito tempo em a\u00e7\u00f5es ajuizadas no Estado do Paran\u00e1 em rela\u00e7\u00e3o \u00e0 qual o Sinpes deposita grande expectativa. Se vitorioso nessa a\u00e7\u00e3o coletiva pretende formular pedido id\u00eantico em todas as demais institui\u00e7\u00f5es de ensino superior, j\u00e1 que nenhuma remunera o intervalo entre aulas nem de forma simples.<\/p>\n<p style=\"text-align: justify;\">\n<p style=\"text-align: justify;\">\u00a0\u00a0A audi\u00eancia de instru\u00e7\u00e3o desse processo realizar-se-\u00e1 em 27.08.2019 \u00e0s 10h10min.<\/p>\n<!-- AddThis Advanced Settings generic via filter on the_content --><!-- AddThis Share Buttons generic via filter on the_content -->","protected":false},"excerpt":{"rendered":"<p>No dia 20 de agosto de 2018 foi realizada na 2O\u00aa Vara do Trabalho de Curitiba a audi\u00eancia inicial no processo em que o Sinpes postula o pagamento como extras aos professores da PUCPR dos hor\u00e1rios de intervalos popularmente conhecidos como \u201crecreios\u201d. Segundo a tese sustentada pelo SINPES e endossada por in\u00fameras decis\u00f5es do Tribunal [&hellip;]<!-- AddThis Advanced Settings generic via filter on wp_trim_excerpt --><!-- AddThis Share Buttons generic via filter on wp_trim_excerpt --><\/p>\n","protected":false},"author":2,"featured_media":0,"comment_status":"closed","ping_status":"open","sticky":false,"template":"","format":"standard","meta":{"footnotes":""},"categories":[18,2],"tags":[312,106,61,323],"class_list":["post-1929","post","type-post","status-publish","format-standard","hentry","category-destaque","category-puc","tag-audiencia-inicial","tag-horas-extras","tag-puc","tag-recreios"],"_links":{"self":[{"href":"https:\/\/sinpes.org.br\/site\/wp-json\/wp\/v2\/posts\/1929","targetHints":{"allow":["GET"]}}],"collection":[{"href":"https:\/\/sinpes.org.br\/site\/wp-json\/wp\/v2\/posts"}],"about":[{"href":"https:\/\/sinpes.org.br\/site\/wp-json\/wp\/v2\/types\/post"}],"author":[{"embeddable":true,"href":"https:\/\/sinpes.org.br\/site\/wp-json\/wp\/v2\/users\/2"}],"replies":[{"embeddable":true,"href":"https:\/\/sinpes.org.br\/site\/wp-json\/wp\/v2\/comments?post=1929"}],"version-history":[{"count":1,"href":"https:\/\/sinpes.org.br\/site\/wp-json\/wp\/v2\/posts\/1929\/revisions"}],"predecessor-version":[{"id":1930,"href":"https:\/\/sinpes.org.br\/site\/wp-json\/wp\/v2\/posts\/1929\/revisions\/1930"}],"wp:attachment":[{"href":"https:\/\/sinpes.org.br\/site\/wp-json\/wp\/v2\/media?parent=1929"}],"wp:term":[{"taxonomy":"category","embeddable":true,"href":"https:\/\/sinpes.org.br\/site\/wp-json\/wp\/v2\/categories?post=1929"},{"taxonomy":"post_tag","embeddable":true,"href":"https:\/\/sinpes.org.br\/site\/wp-json\/wp\/v2\/tags?post=1929"}],"curies":[{"name":"wp","href":"https:\/\/api.w.org\/{rel}","templated":true}]}}