{"id":1927,"date":"2018-09-21T13:10:56","date_gmt":"2018-09-21T16:10:56","guid":{"rendered":"https:\/\/sinpes.org.br\/site\/?p=1927"},"modified":"2018-09-21T13:10:56","modified_gmt":"2018-09-21T16:10:56","slug":"puc-pr-audiencia-inicial-tach","status":"publish","type":"post","link":"https:\/\/sinpes.org.br\/site\/puc-pr-audiencia-inicial-tach\/","title":{"rendered":"PUC\/PR: Audi\u00eancia Inicial TACH"},"content":{"rendered":"<p style=\"text-align: justify;\">No dia 13 de agosto de 2018 foi realizada na 21\u00aa Vara do Trabalho de Curitiba a audi\u00eancia inicial no processo em que o Sinpes questiona assinatura em documento denominado TACH (Termo de Ajuste de Carga Hor\u00e1ria), exigida dos professores no in\u00edcio do ano letivo de 2016.<\/p>\n<p style=\"text-align: justify;\">\n<p style=\"text-align: justify;\">Segundo a tese sustentada pelo SINPES esse documento que passou a ser obtido semestralmente dos professores a partir de 2017 nada tem de ajuste, ao contr\u00e1rio do que a sua denomina\u00e7\u00e3o quer indicar. Trata-se de mera comunica\u00e7\u00e3o ao professor da carga hor\u00e1ria que lhe \u00e9 impingida semestralmente, por determina\u00e7\u00e3o imperial da empregadora, contra a qual n\u00e3o resta ao professor qualquer possibilidade de insurg\u00eancia.<\/p>\n<p style=\"text-align: justify;\">\n<p style=\"text-align: justify;\">Bastaria que a PUCPR concordasse em alterar a denomina\u00e7\u00e3o do TACH para TCCH (Termo de Ci\u00eancia de Carga Hor\u00e1ria) para que a quest\u00e3o n\u00e3o precisasse ser submetida ao crivo do Poder Judici\u00e1rio.<\/p>\n<p style=\"text-align: justify;\">\n<p style=\"text-align: justify;\">Prova contundente de que n\u00e3o existe vontade negocial por parte do professor \u00e9 o fato de que periodicamente professores que ousam colocar ressalvas no documento que lhe \u00e9 entregue s\u00e3o impiedosamente demitidos como repres\u00e1lia.<\/p>\n<p style=\"text-align: justify;\">\n<p style=\"text-align: justify;\">O Sinpes estuda a possibilidade de ajuizar a\u00e7\u00e3o conexa, voltada para invalidar os TACHs assinados a partir de 2017. A audi\u00eancia de instru\u00e7\u00e3o desse processo realizar-se-\u00e1 em 05.08.2019 \u00e0s 14h11min.<\/p>\n<!-- AddThis Advanced Settings generic via filter on the_content --><!-- AddThis Share Buttons generic via filter on the_content -->","protected":false},"excerpt":{"rendered":"<p>No dia 13 de agosto de 2018 foi realizada na 21\u00aa Vara do Trabalho de Curitiba a audi\u00eancia inicial no processo em que o Sinpes questiona assinatura em documento denominado TACH (Termo de Ajuste de Carga Hor\u00e1ria), exigida dos professores no in\u00edcio do ano letivo de 2016. Segundo a tese sustentada pelo SINPES esse documento [&hellip;]<!-- AddThis Advanced Settings generic via filter on wp_trim_excerpt --><!-- AddThis Share Buttons generic via filter on wp_trim_excerpt --><\/p>\n","protected":false},"author":2,"featured_media":0,"comment_status":"closed","ping_status":"open","sticky":false,"template":"","format":"standard","meta":{"footnotes":""},"categories":[18,2],"tags":[74,61,136],"class_list":["post-1927","post","type-post","status-publish","format-standard","hentry","category-destaque","category-puc","tag-audiencia","tag-puc","tag-tach"],"_links":{"self":[{"href":"https:\/\/sinpes.org.br\/site\/wp-json\/wp\/v2\/posts\/1927","targetHints":{"allow":["GET"]}}],"collection":[{"href":"https:\/\/sinpes.org.br\/site\/wp-json\/wp\/v2\/posts"}],"about":[{"href":"https:\/\/sinpes.org.br\/site\/wp-json\/wp\/v2\/types\/post"}],"author":[{"embeddable":true,"href":"https:\/\/sinpes.org.br\/site\/wp-json\/wp\/v2\/users\/2"}],"replies":[{"embeddable":true,"href":"https:\/\/sinpes.org.br\/site\/wp-json\/wp\/v2\/comments?post=1927"}],"version-history":[{"count":1,"href":"https:\/\/sinpes.org.br\/site\/wp-json\/wp\/v2\/posts\/1927\/revisions"}],"predecessor-version":[{"id":1928,"href":"https:\/\/sinpes.org.br\/site\/wp-json\/wp\/v2\/posts\/1927\/revisions\/1928"}],"wp:attachment":[{"href":"https:\/\/sinpes.org.br\/site\/wp-json\/wp\/v2\/media?parent=1927"}],"wp:term":[{"taxonomy":"category","embeddable":true,"href":"https:\/\/sinpes.org.br\/site\/wp-json\/wp\/v2\/categories?post=1927"},{"taxonomy":"post_tag","embeddable":true,"href":"https:\/\/sinpes.org.br\/site\/wp-json\/wp\/v2\/tags?post=1927"}],"curies":[{"name":"wp","href":"https:\/\/api.w.org\/{rel}","templated":true}]}}