{"id":1910,"date":"2018-09-19T15:40:01","date_gmt":"2018-09-19T18:40:01","guid":{"rendered":"https:\/\/sinpes.org.br\/site\/?p=1910"},"modified":"2018-09-19T15:40:01","modified_gmt":"2018-09-19T18:40:01","slug":"sinpes-elege-diretoria","status":"publish","type":"post","link":"https:\/\/sinpes.org.br\/site\/sinpes-elege-diretoria\/","title":{"rendered":"Sinpes Elege Diretoria"},"content":{"rendered":"<p style=\"text-align: justify;\">Entre os dias 27 e 31 de agosto de 2018 realizaram-se as elei\u00e7\u00f5es para a Diretoria que atuar\u00e1 no tri\u00eanio 2018\/2021. Todos os 153 votos v\u00e1lidos foram favor\u00e1veis \u00e0 \u00fanica chapa inscrita, denominada Uni\u00e3o e Mobiliza\u00e7\u00e3o.<\/p>\n<p style=\"text-align: justify;\">As elei\u00e7\u00f5es transcorreram dentro de clima de ampla liberdade na maioria das institui\u00e7\u00f5es de ensino superior. Foram colhidos votos nas diversas salas dos professores atrav\u00e9s de urnas e mes\u00e1rios volantes.<\/p>\n<p style=\"text-align: justify;\">Dois estabelecimentos de ensino superior fizeram restri\u00e7\u00f5es \u00e0 colheita de votos. A Universidade Positivo, que limitou o funcionamento das urnas volantes apenas ao Campus Ecoville, sob a alega\u00e7\u00e3o de que os professores que lecionam nos demais campus s\u00e3o os mesmos. E a PUCPR, que autorizou o funcionamento das urnas volantes apenas e t\u00e3o somente em locais cuja frequ\u00eancia de professores \u00e9 escassa (sala de professores da Escola de Neg\u00f3cios e da Escola de Humanidades) proibindo que os mes\u00e1rios credenciados pelo Sinpes colhessem votos nos locais mais visitados pelos integrantes do corpo docente.<\/p>\n<p style=\"text-align: justify;\">Essas restri\u00e7\u00f5es, entretanto, n\u00e3o foram suficientes para esvaziar a legitimidade do processo. Na contram\u00e3o do trabalho que a grande m\u00eddia e algumas institui\u00e7\u00f5es de ensino superior t\u00eam feito no sentido de depreciar a atua\u00e7\u00e3o das entidades sindicais, foram colhidos 131 votos de professores que mesmo n\u00e3o ostentando o per\u00edodo m\u00ednimo de seis meses de filia\u00e7\u00e3o ao sindicato, necess\u00e1rio para o exerc\u00edcio do direito ao voto v\u00e1lido, fizeram quest\u00e3o de filiar-se e votar por sobrecarta, mesmo sabendo que seus votos teriam que ser anulados por imperativo legal e estatut\u00e1rio.<\/p>\n<p style=\"text-align: justify;\">\u00c9 a seguinte a composi\u00e7\u00e3o da diretoria eleita:<\/p>\n<ul>\n<li style=\"text-align: justify;\"><strong>VALDYR ARNALDO LESSNAU PERRINI<\/strong> &#8211; Presidente<strong>, <\/strong><\/li>\n<li style=\"text-align: justify;\"><strong>ILDA LOPES WITIUK<\/strong> \u2013 Vice-Presidente,<\/li>\n<li style=\"text-align: justify;\"><strong>CLAUDIO HENRIQUE DE CASTRO<\/strong> &#8211; Secret\u00e1rio-Geral,<\/li>\n<li style=\"text-align: justify;\"><strong>SANDRA NODARI ROMANO <\/strong>&#8211; Primeira Secret\u00e1ria,<\/li>\n<li style=\"text-align: justify;\"><strong>BERNARDO KESTRING &#8211;<\/strong> Tesoureiro,<\/li>\n<li style=\"text-align: justify;\"><strong>FREDY ESTUPINAN CARANZA <\/strong>&#8211; Primeiro Tesoureiro,<\/li>\n<li style=\"text-align: justify;\"><strong>EDSON FRANSCISCO STEIN<\/strong> &#8211; Diretor de Negocia\u00e7\u00f5es Coletivas,<\/li>\n<li style=\"text-align: justify;\"><strong>DARLI DE FATIMA SAMPAIO<\/strong> &#8211; Primeira Suplente da Diretoria,<\/li>\n<li style=\"text-align: justify;\"><strong>CARLOS AUGUSTO DO NASCIMENTO<\/strong> <strong>BENKENDORF<\/strong> &#8211; Segundo Suplente Da Diretoria,<\/li>\n<li style=\"text-align: justify;\"><strong>LAWRENCE ESTIVALET DE MELLO <\/strong>&#8211; Terceiro Suplente Da Diretoria,<\/li>\n<li style=\"text-align: justify;\"><strong>SIMONE HUBERT<\/strong> &#8211; Quarta Suplente Da Diretoria,<\/li>\n<li style=\"text-align: justify;\"><strong>CARLOS MAGNO ESTEVES VASCONCELLOS<\/strong> &#8211; Quinto Suplente Da Diretoria,<\/li>\n<li style=\"text-align: justify;\"><strong>PAULA TALITA COZERO <\/strong>\u2013 Sexta Suplente da Diretoria,<\/li>\n<li style=\"text-align: justify;\"><strong>MARIA ENEIDA FANTIN<\/strong> &#8211; S\u00e9tima Suplente Da Diretoria,<\/li>\n<li style=\"text-align: justify;\"><strong>LUIZ ALBERTO DE SOUZA ALVES<\/strong> &#8211; Primeiro Titular Do Conselho Fiscal,<\/li>\n<li style=\"text-align: justify;\"><strong>MARIA HELENA LEVISKI ALVES <\/strong>&#8211; Segunda Titular Do Conselho Fiscal,<\/li>\n<li style=\"text-align: justify;\"><strong>LUIZ CARLOS BALCEWICZ<\/strong> &#8211; Terceiro Titular Do Conselho Fiscal,<\/li>\n<li style=\"text-align: justify;\"><strong>CARLOS ALBERTO AD\u00c3O<\/strong> &#8211; Primeiro Suplente Do Conselho Fiscal,<\/li>\n<li style=\"text-align: justify;\"><strong>CELSO ROG\u00c9RIO KLAMMER<\/strong> &#8211; Segundo Suplente Do Conselho Fiscal,<\/li>\n<li style=\"text-align: justify;\"><strong>LUIZ ALEXANDRE CARTA WINTER <\/strong>&#8211; Terceiro Suplente Do Conselho Fiscal.<\/li>\n<\/ul>\n<p>&nbsp;<\/p>\n<!-- AddThis Advanced Settings generic via filter on the_content --><!-- AddThis Share Buttons generic via filter on the_content -->","protected":false},"excerpt":{"rendered":"<p>Entre os dias 27 e 31 de agosto de 2018 realizaram-se as elei\u00e7\u00f5es para a Diretoria que atuar\u00e1 no tri\u00eanio 2018\/2021. Todos os 153 votos v\u00e1lidos foram favor\u00e1veis \u00e0 \u00fanica chapa inscrita, denominada Uni\u00e3o e Mobiliza\u00e7\u00e3o. As elei\u00e7\u00f5es transcorreram dentro de clima de ampla liberdade na maioria das institui\u00e7\u00f5es de ensino superior. Foram colhidos votos [&hellip;]<!-- AddThis Advanced Settings generic via filter on wp_trim_excerpt --><!-- AddThis Share Buttons generic via filter on wp_trim_excerpt --><\/p>\n","protected":false},"author":2,"featured_media":0,"comment_status":"closed","ping_status":"open","sticky":false,"template":"","format":"standard","meta":{"footnotes":""},"categories":[5],"tags":[320,72,62],"class_list":["post-1910","post","type-post","status-publish","format-standard","hentry","category-sinpes","tag-diretoria","tag-eleicao","tag-sinpes"],"_links":{"self":[{"href":"https:\/\/sinpes.org.br\/site\/wp-json\/wp\/v2\/posts\/1910","targetHints":{"allow":["GET"]}}],"collection":[{"href":"https:\/\/sinpes.org.br\/site\/wp-json\/wp\/v2\/posts"}],"about":[{"href":"https:\/\/sinpes.org.br\/site\/wp-json\/wp\/v2\/types\/post"}],"author":[{"embeddable":true,"href":"https:\/\/sinpes.org.br\/site\/wp-json\/wp\/v2\/users\/2"}],"replies":[{"embeddable":true,"href":"https:\/\/sinpes.org.br\/site\/wp-json\/wp\/v2\/comments?post=1910"}],"version-history":[{"count":1,"href":"https:\/\/sinpes.org.br\/site\/wp-json\/wp\/v2\/posts\/1910\/revisions"}],"predecessor-version":[{"id":1911,"href":"https:\/\/sinpes.org.br\/site\/wp-json\/wp\/v2\/posts\/1910\/revisions\/1911"}],"wp:attachment":[{"href":"https:\/\/sinpes.org.br\/site\/wp-json\/wp\/v2\/media?parent=1910"}],"wp:term":[{"taxonomy":"category","embeddable":true,"href":"https:\/\/sinpes.org.br\/site\/wp-json\/wp\/v2\/categories?post=1910"},{"taxonomy":"post_tag","embeddable":true,"href":"https:\/\/sinpes.org.br\/site\/wp-json\/wp\/v2\/tags?post=1910"}],"curies":[{"name":"wp","href":"https:\/\/api.w.org\/{rel}","templated":true}]}}