{"id":1847,"date":"2018-08-21T17:26:16","date_gmt":"2018-08-21T20:26:16","guid":{"rendered":"http:\/\/sinpes.org.br\/site\/?p=1847"},"modified":"2018-08-21T17:26:16","modified_gmt":"2018-08-21T20:26:16","slug":"sinpes-convoca-professores-da-tuiuti-para-assembleia-geral-pagamento-de-depositos-do-fgts-em-atraso","status":"publish","type":"post","link":"https:\/\/sinpes.org.br\/site\/sinpes-convoca-professores-da-tuiuti-para-assembleia-geral-pagamento-de-depositos-do-fgts-em-atraso\/","title":{"rendered":"SINPES Convoca Professores da Tuiuti para Assembleia Geral: Pagamento de Dep\u00f3sitos do FGTS em Atraso"},"content":{"rendered":"<p style=\"text-align: justify;\">Em tempos sombrios e de grande incerteza em rela\u00e7\u00e3o \u00e0 viabilidade da sobreviv\u00eancia da Universidade Tuiuti, nos idos de janeiro de 2004, o Sinpes ajuizou a\u00e7\u00e3o coletiva como substituto processual dos professores dessa institui\u00e7\u00e3o de ensino, pleiteando pagamento de dep\u00f3sitos do FGTS em atraso e multas decorrentes de atrasos salariais que se agravavam. Ap\u00f3s longo tr\u00e2mite processual a senten\u00e7a acolhendo o pedido transitou em julgado, iniciando-se a execu\u00e7\u00e3o dos valores devidos.<!--more--><\/p>\n<p style=\"text-align: justify;\">&nbsp;<\/p>\n<p style=\"text-align: justify;\">Embora parte do FGTS devido j\u00e1 tenha sido quitado com o pagamento de a\u00e7\u00f5es individuais ajuizadas pelos professores afastados e com a regulariza\u00e7\u00e3o dos dep\u00f3sitos ocorrida a partir de meados de 2013, remanesce uma d\u00edvida apurada que corresponde a R$ 10.693.850,51 (atualizada at\u00e9 julho de 2018), que se encontra permanentemente em crescimento.<\/p>\n<p style=\"text-align: justify;\">&nbsp;<\/p>\n<p style=\"text-align: justify;\">Para que o pagamento dessa d\u00edvida n\u00e3o inviabilize o regular funcionamento da Universidade Tuiuti, preservando assim os empregos atuais, as partes chegaram a um acordo que ser\u00e1 submetido \u00e0 assembleia geral dos professores.<\/p>\n<p style=\"text-align: justify;\">&nbsp;<\/p>\n<p style=\"text-align: justify;\">Segundo o que foi ajustado ap\u00f3s exaustivas negocia\u00e7\u00f5es entre as partes a Tuiuti disponibilizar\u00e1 a partir de 01.08.2019 valor a ser pago todos os meses (exceto dezembro) equivalente a R$ 100.000,00 para quita\u00e7\u00e3o de dep\u00f3sitos do FGTS devidos segundo ordem a ser estabelecida mediante sorteio por ocasi\u00e3o da assembleia geral (o pagamento proporcional embora seja a forma mais justa de satisfa\u00e7\u00e3o do cr\u00e9dito inviabiliza-se em face do montante da d\u00edvida e do tamanho da presta\u00e7\u00e3o). O valor disponibilizado para pagamento do d\u00e9bito dever\u00e1 aumentar progressivamente anualmente em R$ 5.000,00, de sorte que em 01.08.2020 ser\u00e3o disponibilizados R$ 105.000,00, em 01.08.2020 R$ 110.000,00 e assim por diante!<\/p>\n<p style=\"text-align: justify;\">&nbsp;<\/p>\n<p style=\"text-align: justify;\">Os valores referentes aos meses de janeiro e julho ser\u00e3o prioritariamente destinados para o atendimento das situa\u00e7\u00f5es estabelecidas pelos incisos XII, XIV e XVI do artigo 20<a href=\"#_ftn1\" name=\"_ftnref1\">[1]<\/a> da Lei 8036\/90, vedada qualquer outra hip\u00f3tese de n\u00e3o observ\u00e2ncia da ordem estabelecida no sorteio que ser\u00e1 realizado na assembleia geral se aprovada a sistem\u00e1tica do acordo, em homenagem \u00e0 isonomia de tratamento aos professores beneficiados.<\/p>\n<p style=\"text-align: justify;\">&nbsp;<\/p>\n<p style=\"text-align: justify;\">N\u00e3o \u00e9 poss\u00edvel prever com precis\u00e3o quantos meses ser\u00e3o necess\u00e1rios para a quita\u00e7\u00e3o da d\u00edvida completa, visto que os valores continuar\u00e3o sendo reajustados de acordo com a din\u00e2mica pr\u00f3pria de reajuste do FGTS.<\/p>\n<p style=\"text-align: justify;\">&nbsp;<\/p>\n<p style=\"text-align: justify;\">Os valores ser\u00e3o depositados na conta vinculada do FGTS do professor beneficiado existente junto \u00e0 CEF e ser\u00e3o levantados de acordo com as regras gerais para libera\u00e7\u00e3o dos dep\u00f3sitos. O acordo n\u00e3o contempla quem fez acordo em a\u00e7\u00e3o individual e deu quita\u00e7\u00e3o do contrato de trabalho. Quem tem a\u00e7\u00e3o em andamento e preferir cobrar o cr\u00e9dito em separado tem 120 dias para informar essa sua inten\u00e7\u00e3o ao Sinpes, a partir da homologa\u00e7\u00e3o do acordo.<\/p>\n<p style=\"text-align: justify;\">&nbsp;<\/p>\n<p style=\"text-align: justify;\">A aven\u00e7a prev\u00ea a suspens\u00e3o por 24 meses da execu\u00e7\u00e3o dos valores devidos a t\u00edtulo de multa pelo pagamento em atraso dos sal\u00e1rios, per\u00edodo em que a partes tentar\u00e3o chegar a uma solu\u00e7\u00e3o negociada para a quita\u00e7\u00e3o desse valor.<\/p>\n<p style=\"text-align: justify;\">&nbsp;<\/p>\n<p style=\"text-align: justify;\">Os honor\u00e1rios advocat\u00edcios ser\u00e3o arcados exclusivamente pela Tuiuti e ser\u00e3o parcialmente transferidos para o sindicato a fim de viabilizar o custeio da entidade sindical nestes tempos de maiores dificuldades para o recebimento da contribui\u00e7\u00e3o sindical.<\/p>\n<p style=\"text-align: justify;\">&nbsp;<\/p>\n<p style=\"text-align: justify;\">Consulte o facebook ou o site do Sinpes para ter acesso \u00e0 integralidade do que foi ajustado. Solicite pelo e-mail sinpes@sinpes.org.br o valor do seu cr\u00e9dito atualizado at\u00e9 o m\u00eas de julho de 2018.<\/p>\n<p style=\"text-align: justify;\">&nbsp;<\/p>\n<p style=\"text-align: justify;\">Por ocasi\u00e3o da assembleia geral convocada os professores poder\u00e3o elucidar todas as d\u00favidas acerca da sistem\u00e1tica do ajuste, bem como aceitar ou rejeitar as condi\u00e7\u00f5es negociadas. Em caso de rejei\u00e7\u00e3o as partes voltam \u00e0 mesa de negocia\u00e7\u00f5es.<\/p>\n<p style=\"text-align: justify;\">&nbsp;<\/p>\n<p style=\"text-align: justify;\">O Sinpes aproveitar\u00e1 os professores reunidos em assembleia geral para conclamar os docentes a ratificarem a autoriza\u00e7\u00e3o para pagamento de contribui\u00e7\u00e3o sindical realizada em assembleia geral da categoria no ano passado, equivalente a um dia de sal\u00e1rio do m\u00eas de mar\u00e7o de 2018, com teto estabelecido de R$ 150,00.<\/p>\n<p style=\"text-align: justify;\">&nbsp;<\/p>\n<p style=\"text-align: justify;\"><strong>Professor da Tuiuti. Compare\u00e7a \u00e0 assembleia geral da categoria convocada para o dia 28\/08\/2018 \u00e0s 18h30min, no sal\u00e3o nobre da sede da Tuiuti&nbsp; Rua&nbsp; Sydnei Antonio Rangel Santos,238.<\/strong><\/p>\n<p style=\"text-align: justify;\">&nbsp;<\/p>\n<p style=\"text-align: justify;\"><strong>&nbsp;&nbsp;&nbsp;&nbsp;&nbsp;&nbsp;&nbsp;&nbsp;&nbsp;&nbsp;&nbsp;&nbsp;&nbsp;&nbsp;&nbsp;&nbsp;&nbsp;&nbsp;&nbsp;&nbsp;&nbsp;&nbsp;&nbsp;&nbsp;&nbsp; <\/strong><\/p>\n<p style=\"text-align: justify;\"><strong>Diretoria do Sinpes.<\/strong><\/p>\n<p style=\"text-align: justify;\">&nbsp; &nbsp;&nbsp;&nbsp;&nbsp;&nbsp;&nbsp;&nbsp;&nbsp;&nbsp;&nbsp;&nbsp;&nbsp;&nbsp;&nbsp;&nbsp;&nbsp;&nbsp;&nbsp;&nbsp;&nbsp;&nbsp;&nbsp;&nbsp;&nbsp;&nbsp;&nbsp;&nbsp;&nbsp;&nbsp;&nbsp;&nbsp;&nbsp;&nbsp;&nbsp;&nbsp;&nbsp;&nbsp;&nbsp;&nbsp;&nbsp;&nbsp;&nbsp;&nbsp;&nbsp;&nbsp;&nbsp;&nbsp;&nbsp;&nbsp;&nbsp;&nbsp;&nbsp;&nbsp;&nbsp;&nbsp;&nbsp;&nbsp;&nbsp;<\/p>\n<p style=\"text-align: justify;\"><strong>[1]<\/strong><strong> XIII &#8211; quando o trabalhador ou qualquer de seus dependentes for portador do v\u00edrus HIV;&nbsp;&nbsp;&nbsp;&nbsp;&nbsp;&nbsp;&nbsp;&nbsp;&nbsp;&nbsp;&nbsp;&nbsp; <\/strong><\/p>\n<p style=\"text-align: justify;\"><strong>XIV &#8211; quando o trabalhador ou qualquer de seus dependentes estiver em est\u00e1gio terminal, em raz\u00e3o de doen\u00e7a grave, nos termos do regulamento;&nbsp;&nbsp;&nbsp;&nbsp;&nbsp;&nbsp;&nbsp;&nbsp;&nbsp;&nbsp;&nbsp;&nbsp; <\/strong><\/p>\n<p style=\"text-align: justify;\"><strong>XVI &#8211; necessidade pessoal, cuja urg\u00eancia e gravidade decorra de desastre natural, conforme disposto em regulamento, observadas as seguintes condi\u00e7\u00f5es&#8230;<\/strong><\/p>\n<p><a class=\"fasc-button fasc-size-medium fasc-type-glossy fasc-rounded-medium fasc-ico-before dashicons-admin-links\" style=\"background-color: #33809e; color: #ffffff;\" target=\"_blank\" href=\"http:\/\/sinpes.org.br\/site\/wp-content\/uploads\/2018\/08\/Proposta-de-Acordo-2018.pdf\">Proposta de Acordo 2018<\/a><\/p>\n<!-- AddThis Advanced Settings generic via filter on the_content --><!-- AddThis Share Buttons generic via filter on the_content -->","protected":false},"excerpt":{"rendered":"<p>Em tempos sombrios e de grande incerteza em rela\u00e7\u00e3o \u00e0 viabilidade da sobreviv\u00eancia da Universidade Tuiuti, nos idos de janeiro de 2004, o Sinpes ajuizou a\u00e7\u00e3o coletiva como substituto processual dos professores dessa institui\u00e7\u00e3o de ensino, pleiteando pagamento de dep\u00f3sitos do FGTS em atraso e multas decorrentes de atrasos salariais que se agravavam. Ap\u00f3s longo [&hellip;]<!-- AddThis Advanced Settings generic via filter on wp_trim_excerpt --><!-- AddThis Share Buttons generic via filter on wp_trim_excerpt --><\/p>\n","protected":false},"author":2,"featured_media":1849,"comment_status":"closed","ping_status":"open","sticky":false,"template":"","format":"standard","meta":{"footnotes":""},"categories":[13,12],"tags":[60,314,168,315],"class_list":["post-1847","post","type-post","status-publish","format-standard","has-post-thumbnail","hentry","category-home","category-tuiuti","tag-assembleia-geral","tag-atraso","tag-fgts","tag-universidade-tuiuti"],"_links":{"self":[{"href":"https:\/\/sinpes.org.br\/site\/wp-json\/wp\/v2\/posts\/1847","targetHints":{"allow":["GET"]}}],"collection":[{"href":"https:\/\/sinpes.org.br\/site\/wp-json\/wp\/v2\/posts"}],"about":[{"href":"https:\/\/sinpes.org.br\/site\/wp-json\/wp\/v2\/types\/post"}],"author":[{"embeddable":true,"href":"https:\/\/sinpes.org.br\/site\/wp-json\/wp\/v2\/users\/2"}],"replies":[{"embeddable":true,"href":"https:\/\/sinpes.org.br\/site\/wp-json\/wp\/v2\/comments?post=1847"}],"version-history":[{"count":1,"href":"https:\/\/sinpes.org.br\/site\/wp-json\/wp\/v2\/posts\/1847\/revisions"}],"predecessor-version":[{"id":1850,"href":"https:\/\/sinpes.org.br\/site\/wp-json\/wp\/v2\/posts\/1847\/revisions\/1850"}],"wp:featuredmedia":[{"embeddable":true,"href":"https:\/\/sinpes.org.br\/site\/wp-json\/wp\/v2\/media\/1849"}],"wp:attachment":[{"href":"https:\/\/sinpes.org.br\/site\/wp-json\/wp\/v2\/media?parent=1847"}],"wp:term":[{"taxonomy":"category","embeddable":true,"href":"https:\/\/sinpes.org.br\/site\/wp-json\/wp\/v2\/categories?post=1847"},{"taxonomy":"post_tag","embeddable":true,"href":"https:\/\/sinpes.org.br\/site\/wp-json\/wp\/v2\/tags?post=1847"}],"curies":[{"name":"wp","href":"https:\/\/api.w.org\/{rel}","templated":true}]}}