{"id":1834,"date":"2018-08-13T21:06:31","date_gmt":"2018-08-14T00:06:31","guid":{"rendered":"http:\/\/sinpes.org.br\/site\/?p=1834"},"modified":"2018-08-13T21:09:21","modified_gmt":"2018-08-14T00:09:21","slug":"cct-2017-2018-negociacao-atipica-na-reta-final","status":"publish","type":"post","link":"https:\/\/sinpes.org.br\/site\/cct-2017-2018-negociacao-atipica-na-reta-final\/","title":{"rendered":"CCT 2017\/2018 \u2013 Negocia\u00e7\u00e3o At\u00edpica na Reta Final"},"content":{"rendered":"<p style=\"text-align: justify;\">Ao contr\u00e1rio do procedimento dos anos anteriores, em que as convoca\u00e7\u00f5es das assembleias convocada para decidir sobre a celebra\u00e7\u00e3o de conven\u00e7\u00f5es coletivas eram precedidas por ampla mobiliza\u00e7\u00e3o, desta feita o sindicato viu-se compelido a convocar a categoria pelo <i>Facebook<\/i>&nbsp;e por edital publicado no Jornal Tribuna do Paran\u00e1, conforme exig\u00eancia estatut\u00e1ria, sem maiores perspectivas de mobiliza\u00e7\u00e3o. <!--more-->Trata-se do mais grave reflexo da asfixia econ\u00f4mica a que o SINPES e as demais entidades sindicais encontram-se submetidas com o fim do car\u00e1ter compuls\u00f3rio da contribui\u00e7\u00e3o sindical.<\/p>\n<p style=\"text-align: justify;\"><a href=\"http:\/\/sinpes.org.br\/site\/wp-content\/uploads\/2018\/08\/Edital-de-Convocacao.png\"><img loading=\"lazy\" decoding=\"async\" class=\"size-medium wp-image-1835 alignleft\" src=\"http:\/\/sinpes.org.br\/site\/wp-content\/uploads\/2018\/08\/Edital-de-Convocacao-300x214.png\" alt=\"\" width=\"300\" height=\"214\" srcset=\"https:\/\/sinpes.org.br\/site\/wp-content\/uploads\/2018\/08\/Edital-de-Convocacao-300x214.png 300w, https:\/\/sinpes.org.br\/site\/wp-content\/uploads\/2018\/08\/Edital-de-Convocacao.png 480w\" sizes=\"auto, (max-width: 300px) 100vw, 300px\" \/><\/a>As institui\u00e7\u00f5es de ensino superior fizeram ouvidos moucos para a autoriza\u00e7\u00e3o dada pela categoria em assembleia geral para o desconto da contribui\u00e7\u00e3o com o teto estabelecido de R$ 150,00 e, agindo de forma orquestrada pelo Sinepe, n\u00e3o fizeram o repasse devido, transferindo para o Poder Judici\u00e1rio a solu\u00e7\u00e3o deste imbr\u00f3glio, com todos os inconvenientes e a demora da\u00ed decorrente. Diante do estado de indig\u00eancia em que as entidades sindicais est\u00e3o submetidas pela \u201creforma trabalhista\u201d, restou \u00e0 diretoria do Sinpes sopesar duas dolorosas alternativas:<\/p>\n<p style=\"text-align: justify;\">&#8211; Recusar-se a assinar a conven\u00e7\u00e3o coletiva, aguardando o tempo necess\u00e1rio para a reorganiza\u00e7\u00e3o das finan\u00e7as do sindicato e o retorno das campanhas de mobiliza\u00e7\u00e3o abrindo m\u00e3o de diversos direitos sociais historicamente consolidados;<\/p>\n<p style=\"text-align: justify;\">&#8211; Formalizar o texto a partir de um consenso m\u00ednimo obtido junto ao SINEPE sem a t\u00e3o necess\u00e1ria mobiliza\u00e7\u00e3o:<\/p>\n<p style=\"text-align: justify;\">&#8211; \u201cAceitando\u201d a contragosto reajuste salarial que se limita \u00e0 recomposi\u00e7\u00e3o do INPC, no patamar de ex\u00edguos 1,87%;<\/p>\n<p style=\"text-align: justify;\">&#8211; Suprimindo do texto convencional quest\u00f5es pol\u00eamicas que dependem da interpreta\u00e7\u00e3o da nova legisla\u00e7\u00e3o, ainda desconhecida de todos;<\/p>\n<p style=\"text-align: justify;\">&#8211; Regulamentando de forma racional a quota de empregados portadores de deficientes considerando jornadas de quarenta horas e n\u00e3o o n\u00famero de trabalhadores na base de c\u00e1lculo e na apura\u00e7\u00e3o dos beneficiados;<\/p>\n<p style=\"text-align: justify;\">&#8211; Mantendo conquistas hist\u00f3ricas tais como a irredutibilidade de carga hor\u00e1ria e os quinqu\u00eanios, que t\u00eam sido eliminadas em conven\u00e7\u00f5es e acordos coletivos celebrados por outros sindicatos docentes.<\/p>\n<p style=\"text-align: justify;\">Ap\u00f3s muita medita\u00e7\u00e3o e reflex\u00e3o os dirigentes do Sinpes entenderam que renovar a conven\u00e7\u00e3o coletiva nos moldes acima seria mal menor, assumindo os riscos pol\u00edticos da\u00ed advindos. Para que a categoria tenha voz e voto na decis\u00e3o acerca dessa alternativa foi convocada assembleia geral a ser realizada no hall de entrada do andar da sede do Sinpes no dia 15 de agosto de 2018 \u00e0s 14h00min.<\/p>\n<p style=\"text-align: justify;\"><strong>Professor do Ensino Superior: compare\u00e7a a essa assembleia geral e participe dessa dif\u00edcil decis\u00e3o!<\/strong><\/p>\n<p><a class=\"fasc-button fasc-size-medium fasc-type-glossy fasc-rounded-medium fasc-ico-before dashicons-admin-links\" style=\"background-color: #33809e; color: #ffffff;\" target=\"_blank\" href=\"http:\/\/sinpes.org.br\/site\/wp-content\/uploads\/2018\/08\/Convencao-Coletiva-de-Trabalho-2017-2018.pdf\">Conven\u00e7\u00e3o Coletiva de Trabalho 2017\/2018<\/a><\/p>\n<!-- AddThis Advanced Settings generic via filter on the_content --><!-- AddThis Share Buttons generic via filter on the_content -->","protected":false},"excerpt":{"rendered":"<p>Ao contr\u00e1rio do procedimento dos anos anteriores, em que as convoca\u00e7\u00f5es das assembleias convocada para decidir sobre a celebra\u00e7\u00e3o de conven\u00e7\u00f5es coletivas eram precedidas por ampla mobiliza\u00e7\u00e3o, desta feita o sindicato viu-se compelido a convocar a categoria pelo Facebook&nbsp;e por edital publicado no Jornal Tribuna do Paran\u00e1, conforme exig\u00eancia estatut\u00e1ria, sem maiores perspectivas de mobiliza\u00e7\u00e3o.<!-- AddThis Advanced Settings generic via filter on wp_trim_excerpt --><!-- AddThis Share Buttons generic via filter on wp_trim_excerpt --><\/p>\n","protected":false},"author":2,"featured_media":1835,"comment_status":"closed","ping_status":"open","sticky":false,"template":"","format":"standard","meta":{"footnotes":""},"categories":[13,5],"tags":[265],"class_list":["post-1834","post","type-post","status-publish","format-standard","has-post-thumbnail","hentry","category-home","category-sinpes","tag-cct-2017-2018"],"_links":{"self":[{"href":"https:\/\/sinpes.org.br\/site\/wp-json\/wp\/v2\/posts\/1834","targetHints":{"allow":["GET"]}}],"collection":[{"href":"https:\/\/sinpes.org.br\/site\/wp-json\/wp\/v2\/posts"}],"about":[{"href":"https:\/\/sinpes.org.br\/site\/wp-json\/wp\/v2\/types\/post"}],"author":[{"embeddable":true,"href":"https:\/\/sinpes.org.br\/site\/wp-json\/wp\/v2\/users\/2"}],"replies":[{"embeddable":true,"href":"https:\/\/sinpes.org.br\/site\/wp-json\/wp\/v2\/comments?post=1834"}],"version-history":[{"count":4,"href":"https:\/\/sinpes.org.br\/site\/wp-json\/wp\/v2\/posts\/1834\/revisions"}],"predecessor-version":[{"id":1840,"href":"https:\/\/sinpes.org.br\/site\/wp-json\/wp\/v2\/posts\/1834\/revisions\/1840"}],"wp:featuredmedia":[{"embeddable":true,"href":"https:\/\/sinpes.org.br\/site\/wp-json\/wp\/v2\/media\/1835"}],"wp:attachment":[{"href":"https:\/\/sinpes.org.br\/site\/wp-json\/wp\/v2\/media?parent=1834"}],"wp:term":[{"taxonomy":"category","embeddable":true,"href":"https:\/\/sinpes.org.br\/site\/wp-json\/wp\/v2\/categories?post=1834"},{"taxonomy":"post_tag","embeddable":true,"href":"https:\/\/sinpes.org.br\/site\/wp-json\/wp\/v2\/tags?post=1834"}],"curies":[{"name":"wp","href":"https:\/\/api.w.org\/{rel}","templated":true}]}}