{"id":181,"date":"2006-12-02T15:57:09","date_gmt":"2006-12-02T17:57:09","guid":{"rendered":"http:\/\/sinpes.org.br\/site\/?p=181"},"modified":"2025-09-05T10:50:05","modified_gmt":"2025-09-05T13:50:05","slug":"convencao-coletiva-de-trabalho-sinpes-20062007","status":"publish","type":"post","link":"https:\/\/sinpes.org.br\/site\/convencao-coletiva-de-trabalho-sinpes-20062007\/","title":{"rendered":"Conven\u00e7\u00e3o Coletiva de Trabalho 2006\/2007"},"content":{"rendered":"<p><strong>Conven\u00e7\u00e3o Coletiva 2006-2007 no formato PDF:<\/strong><\/p>\n<p><a href=\"https:\/\/sinpes.org.br\/site\/wp-content\/uploads\/2006\/12\/Convencao-Coletiva-de-Trabalho-2006-2007-1.pdf\">Conven\u00e7\u00e3o Coletiva de Trabalho 2006-2007<\/a><\/p>\n<p><strong>Conven\u00e7\u00e3o Coletiva 2006-2007 no formato WORD:<\/strong><\/p>\n<p><a href=\"https:\/\/sinpes.org.br\/site\/wp-content\/uploads\/2006\/12\/Convencao-Coletiva-de-Trabalho-2006-2007.docx\">Conven\u00e7\u00e3o Coletiva de Trabalho 2006-2007<\/a><\/p>\n<p><strong>Termo Aditivo Conven\u00e7\u00e3o Coletiva 2006-2007:<\/strong><\/p>\n<p><a href=\"https:\/\/sinpes.org.br\/site\/wp-content\/uploads\/2006\/12\/Termo-Aditivo-Convencao-Coletiva-2006-2007.pdf\">Termo Aditivo Conven\u00e7\u00e3o Coletiva 2006-2007<\/a><\/p>\n<!-- AddThis Advanced Settings generic via filter on the_content --><!-- AddThis Share Buttons generic via filter on the_content -->","protected":false},"excerpt":{"rendered":"<p>Conven\u00e7\u00e3o Coletiva 2006-2007 no formato PDF: Conven\u00e7\u00e3o Coletiva de Trabalho 2006-2007 Conven\u00e7\u00e3o Coletiva 2006-2007 no formato WORD: Conven\u00e7\u00e3o Coletiva de Trabalho 2006-2007 Termo Aditivo Conven\u00e7\u00e3o Coletiva 2006-2007: Termo Aditivo Conven\u00e7\u00e3o Coletiva 2006-2007<!-- AddThis Advanced Settings generic via filter on wp_trim_excerpt --><!-- AddThis Share Buttons generic via filter on wp_trim_excerpt --><\/p>\n","protected":false},"author":2,"featured_media":0,"comment_status":"closed","ping_status":"open","sticky":false,"template":"","format":"standard","meta":{"footnotes":""},"categories":[14],"tags":[70,62],"class_list":["post-181","post","type-post","status-publish","format-standard","hentry","category-convencoes-coletivas","tag-convencoes-coletivas-de-trabalho","tag-sinpes"],"_links":{"self":[{"href":"https:\/\/sinpes.org.br\/site\/wp-json\/wp\/v2\/posts\/181","targetHints":{"allow":["GET"]}}],"collection":[{"href":"https:\/\/sinpes.org.br\/site\/wp-json\/wp\/v2\/posts"}],"about":[{"href":"https:\/\/sinpes.org.br\/site\/wp-json\/wp\/v2\/types\/post"}],"author":[{"embeddable":true,"href":"https:\/\/sinpes.org.br\/site\/wp-json\/wp\/v2\/users\/2"}],"replies":[{"embeddable":true,"href":"https:\/\/sinpes.org.br\/site\/wp-json\/wp\/v2\/comments?post=181"}],"version-history":[{"count":6,"href":"https:\/\/sinpes.org.br\/site\/wp-json\/wp\/v2\/posts\/181\/revisions"}],"predecessor-version":[{"id":5305,"href":"https:\/\/sinpes.org.br\/site\/wp-json\/wp\/v2\/posts\/181\/revisions\/5305"}],"wp:attachment":[{"href":"https:\/\/sinpes.org.br\/site\/wp-json\/wp\/v2\/media?parent=181"}],"wp:term":[{"taxonomy":"category","embeddable":true,"href":"https:\/\/sinpes.org.br\/site\/wp-json\/wp\/v2\/categories?post=181"},{"taxonomy":"post_tag","embeddable":true,"href":"https:\/\/sinpes.org.br\/site\/wp-json\/wp\/v2\/tags?post=181"}],"curies":[{"name":"wp","href":"https:\/\/api.w.org\/{rel}","templated":true}]}}