{"id":1793,"date":"2018-07-05T16:34:25","date_gmt":"2018-07-05T19:34:25","guid":{"rendered":"http:\/\/sinpes.org.br\/site\/?p=1793"},"modified":"2018-07-11T18:06:02","modified_gmt":"2018-07-11T21:06:02","slug":"assembleia-com-os-professores-da-inesul-aprova-minuta-de-acordo","status":"publish","type":"post","link":"https:\/\/sinpes.org.br\/site\/assembleia-com-os-professores-da-inesul-aprova-minuta-de-acordo\/","title":{"rendered":"Assembleia com os Professores da Inesul Aprova Minuta de Acordo"},"content":{"rendered":"<p style=\"text-align: justify;\">O Sinpes se reuniu em Assembleia Geral com os professores da Inesul da sede de Colombo na data de 25\/06\/2018, com o intuito de apresentar proposta de acordo para p\u00f4r fim \u00e0 a\u00e7\u00e3o coletiva em tr\u00e2mite desde 2010 perante a 1\u00aa Vara do Trabalho de Colombo.<\/p>\n<p style=\"text-align: justify;\">A proposta feita pela empregadora, de parcelamento da d\u00edvida em 29 vezes, foi acatada pelos professores, os quais concordaram com os termos da minuta de acordo sugerida pelo Sinpes.<\/p>\n<p style=\"text-align: justify;\">O montante devido (R$ 87.000,00) ser\u00e1 adimplido pela Inesul em 29 parcelas iguais de R$ 3.000,00 todo dia 20 de cada m\u00eas a partir de 20 de Julho de 2018.<\/p>\n<p style=\"text-align: justify;\">De cada parcela depositada ser\u00e3o abatidos R$ 450,00 destinados ao pagamento dos honor\u00e1rios advocat\u00edcios. Os R$ 2.550,00 restantes ser\u00e3o imputados aos credores de acordo com a seguinte ordem decorrente de sorteio realizado pelos professores presentes \u00e0 assembleia:<\/p>\n<p>&nbsp;<\/p>\n\n<table id=\"tablepress-1\" class=\"tablepress tablepress-id-1\">\n<thead>\n<tr class=\"row-1\">\n\t<th class=\"column-1\">POSI\u00c7\u00c3O - SORTEIO<\/th><th class=\"column-2\">NOMES<\/th>\n<\/tr>\n<\/thead>\n<tbody class=\"row-striping row-hover\">\n<tr class=\"row-2\">\n\t<td class=\"column-1\">1<\/td><td class=\"column-2\">JOSE LUIZ DOS SANTOS<\/td>\n<\/tr>\n<tr class=\"row-3\">\n\t<td class=\"column-1\">2<\/td><td class=\"column-2\">MONIQUE WAGNER DE SOUZA<\/td>\n<\/tr>\n<tr class=\"row-4\">\n\t<td class=\"column-1\">3<\/td><td class=\"column-2\">MILTON CESAR BATISTA<\/td>\n<\/tr>\n<tr class=\"row-5\">\n\t<td class=\"column-1\">4<\/td><td class=\"column-2\">APARECIDO DONIZETE TEIXEIRA<\/td>\n<\/tr>\n<tr class=\"row-6\">\n\t<td class=\"column-1\">5<\/td><td class=\"column-2\">JOSE ANTONIO MIGLIORINI<\/td>\n<\/tr>\n<tr class=\"row-7\">\n\t<td class=\"column-1\">6<\/td><td class=\"column-2\">SERGIO ROBERTO BUENO<\/td>\n<\/tr>\n<tr class=\"row-8\">\n\t<td class=\"column-1\">7<\/td><td class=\"column-2\">ANDREIA ANACLETO ROSA<\/td>\n<\/tr>\n<tr class=\"row-9\">\n\t<td class=\"column-1\">8<\/td><td class=\"column-2\">WILLIAN ROBERTO VICENTINI <\/td>\n<\/tr>\n<tr class=\"row-10\">\n\t<td class=\"column-1\">9<\/td><td class=\"column-2\">MARIO ANTONIO ZANCANARO<\/td>\n<\/tr>\n<tr class=\"row-11\">\n\t<td class=\"column-1\">10<\/td><td class=\"column-2\">EDUARDO ANSELMO FENDRICH<\/td>\n<\/tr>\n<tr class=\"row-12\">\n\t<td class=\"column-1\">11<\/td><td class=\"column-2\">ANA CAROLINA SILVA FARIA<\/td>\n<\/tr>\n<tr class=\"row-13\">\n\t<td class=\"column-1\">12<\/td><td class=\"column-2\">INACIO DIAZ MARTINEZ<\/td>\n<\/tr>\n<tr class=\"row-14\">\n\t<td class=\"column-1\">13<\/td><td class=\"column-2\">ROZELI BERNADETE THOMAZ<\/td>\n<\/tr>\n<tr class=\"row-15\">\n\t<td class=\"column-1\">14<\/td><td class=\"column-2\">HIRAN BRANDALIZE<\/td>\n<\/tr>\n<tr class=\"row-16\">\n\t<td class=\"column-1\">15<\/td><td class=\"column-2\">ALCIDES NERI BATISTA<\/td>\n<\/tr>\n<tr class=\"row-17\">\n\t<td class=\"column-1\">16<\/td><td class=\"column-2\">LUIZ EDUARDO LANZINI<\/td>\n<\/tr>\n<tr class=\"row-18\">\n\t<td class=\"column-1\">17<\/td><td class=\"column-2\">DAVID BESSA ALVES<\/td>\n<\/tr>\n<tr class=\"row-19\">\n\t<td class=\"column-1\">18<\/td><td class=\"column-2\">CLEVERTON JULIANO ALVES<\/td>\n<\/tr>\n<tr class=\"row-20\">\n\t<td class=\"column-1\">19<\/td><td class=\"column-2\">ROBERSON CESAR ALVES DE ARAUJO<\/td>\n<\/tr>\n<tr class=\"row-21\">\n\t<td class=\"column-1\">20<\/td><td class=\"column-2\">PRISCILA RENCK<\/td>\n<\/tr>\n<tr class=\"row-22\">\n\t<td class=\"column-1\">21<\/td><td class=\"column-2\">HENRIQUE LIDIO<\/td>\n<\/tr>\n<tr class=\"row-23\">\n\t<td class=\"column-1\">22<\/td><td class=\"column-2\">MARLENE BENTO DA SILVA<\/td>\n<\/tr>\n<tr class=\"row-24\">\n\t<td class=\"column-1\">23<\/td><td class=\"column-2\">LUANA ARGENTA PEREIRA<\/td>\n<\/tr>\n<tr class=\"row-25\">\n\t<td class=\"column-1\">24<\/td><td class=\"column-2\">ANDRE LUIZ DE SOUZA<\/td>\n<\/tr>\n<tr class=\"row-26\">\n\t<td class=\"column-1\">25<\/td><td class=\"column-2\">VANTUIRIS INACIO DE FREITAS<\/td>\n<\/tr>\n<tr class=\"row-27\">\n\t<td class=\"column-1\">26<\/td><td class=\"column-2\">LUCIANO FURTADO CORREA<\/td>\n<\/tr>\n<tr class=\"row-28\">\n\t<td class=\"column-1\">27<\/td><td class=\"column-2\">FLAVIA DENISE PITUCO<\/td>\n<\/tr>\n<tr class=\"row-29\">\n\t<td class=\"column-1\">28<\/td><td class=\"column-2\">DIANA DO ROCIO BIZ PAIM<\/td>\n<\/tr>\n<tr class=\"row-30\">\n\t<td class=\"column-1\">29<\/td><td class=\"column-2\">CLAUDINEI DUARTE DE LIMA<\/td>\n<\/tr>\n<tr class=\"row-31\">\n\t<td class=\"column-1\">30<\/td><td class=\"column-2\">PATRICK MICHEL CHANDELIER<\/td>\n<\/tr>\n<tr class=\"row-32\">\n\t<td class=\"column-1\">31<\/td><td class=\"column-2\">ALESSANDRO DA SILVA LEITE<\/td>\n<\/tr>\n<tr class=\"row-33\">\n\t<td class=\"column-1\">32<\/td><td class=\"column-2\">RITA DE FATIMA STRAIOTO DE SOUZA<\/td>\n<\/tr>\n<tr class=\"row-34\">\n\t<td class=\"column-1\">33<\/td><td class=\"column-2\">MARCIA REGINA RIBEIRO DOS SANTOS<\/td>\n<\/tr>\n<tr class=\"row-35\">\n\t<td class=\"column-1\">34<\/td><td class=\"column-2\">RUBIA CRISTINA DOS SANTOS<\/td>\n<\/tr>\n<tr class=\"row-36\">\n\t<td class=\"column-1\">35<\/td><td class=\"column-2\">RAFAEL MANUEL DE PAULA<\/td>\n<\/tr>\n<tr class=\"row-37\">\n\t<td class=\"column-1\">36<\/td><td class=\"column-2\">AROLDO ADAM JUNIOR<\/td>\n<\/tr>\n<tr class=\"row-38\">\n\t<td class=\"column-1\">37<\/td><td class=\"column-2\">ANDRESSA MARGARETH ASSAKA<\/td>\n<\/tr>\n<tr class=\"row-39\">\n\t<td class=\"column-1\">38<\/td><td class=\"column-2\">EDSON LUIZ PIERIN<\/td>\n<\/tr>\n<tr class=\"row-40\">\n\t<td class=\"column-1\">39<\/td><td class=\"column-2\">VANESSA CAROLINE DA SILVA<\/td>\n<\/tr>\n<tr class=\"row-41\">\n\t<td class=\"column-1\">40<\/td><td class=\"column-2\">CARLA CRISTINA FERRERIA DALPRA<\/td>\n<\/tr>\n<tr class=\"row-42\">\n\t<td class=\"column-1\">41<\/td><td class=\"column-2\">LEILA APARECIDA FERREIRA PURCOTE<\/td>\n<\/tr>\n<tr class=\"row-43\">\n\t<td class=\"column-1\">42<\/td><td class=\"column-2\">ANTONIO MARCOS DE OLIVEIRA<\/td>\n<\/tr>\n<tr class=\"row-44\">\n\t<td class=\"column-1\">43<\/td><td class=\"column-2\">DEBORA SIQUEIRA DE AMORIM<\/td>\n<\/tr>\n<tr class=\"row-45\">\n\t<td class=\"column-1\">44<\/td><td class=\"column-2\">RITA APARECIDA DA SILVA VIDOLIN<\/td>\n<\/tr>\n<tr class=\"row-46\">\n\t<td class=\"column-1\">45<\/td><td class=\"column-2\">SIGMAR SABIN<\/td>\n<\/tr>\n<tr class=\"row-47\">\n\t<td class=\"column-1\">46<\/td><td class=\"column-2\">ELIANA PROVENCI<\/td>\n<\/tr>\n<tr class=\"row-48\">\n\t<td class=\"column-1\">47<\/td><td class=\"column-2\">ANGELA CRISTINA KOCHINSKI<\/td>\n<\/tr>\n<tr class=\"row-49\">\n\t<td class=\"column-1\">48<\/td><td class=\"column-2\">IDOVILDE DE FATIMA FERNANDES<\/td>\n<\/tr>\n<tr class=\"row-50\">\n\t<td class=\"column-1\">49<\/td><td class=\"column-2\">SHEILA CRISTINA CARON<\/td>\n<\/tr>\n<tr class=\"row-51\">\n\t<td class=\"column-1\">50<\/td><td class=\"column-2\">CRISTIANO MOREIRA<\/td>\n<\/tr>\n<tr class=\"row-52\">\n\t<td class=\"column-1\">51<\/td><td class=\"column-2\">SILVANA GOMES ALVES<\/td>\n<\/tr>\n<tr class=\"row-53\">\n\t<td class=\"column-1\">52<\/td><td class=\"column-2\">MARCO AURELIO RODRIGUES<\/td>\n<\/tr>\n<tr class=\"row-54\">\n\t<td class=\"column-1\">53<\/td><td class=\"column-2\">FABIO HENRIQUE RIBEIRO<\/td>\n<\/tr>\n<tr class=\"row-55\">\n\t<td class=\"column-1\">54<\/td><td class=\"column-2\">ANNA CHRISTINA GOL\u00c7ALVES<\/td>\n<\/tr>\n<tr class=\"row-56\">\n\t<td class=\"column-1\">55<\/td><td class=\"column-2\">ANTONIO MARCOS HALISKI<\/td>\n<\/tr>\n<tr class=\"row-57\">\n\t<td class=\"column-1\">56<\/td><td class=\"column-2\">LUIS GABRIEL ABRAVANEL<\/td>\n<\/tr>\n<tr class=\"row-58\">\n\t<td class=\"column-1\">57<\/td><td class=\"column-2\">DANIEL LIRA DE OLIVEIRA<\/td>\n<\/tr>\n<tr class=\"row-59\">\n\t<td class=\"column-1\">58<\/td><td class=\"column-2\">WELLINGTON DOS SANTOS<\/td>\n<\/tr>\n<tr class=\"row-60\">\n\t<td class=\"column-1\">59<\/td><td class=\"column-2\">JULIANA IETEKA KRAINSKI<\/td>\n<\/tr>\n<tr class=\"row-61\">\n\t<td class=\"column-1\">60<\/td><td class=\"column-2\">MARIANO ANTONIO CABELLO<\/td>\n<\/tr>\n<tr class=\"row-62\">\n\t<td class=\"column-1\">61<\/td><td class=\"column-2\">MARIO SERGIO HAMPEL<\/td>\n<\/tr>\n<tr class=\"row-63\">\n\t<td class=\"column-1\">62<\/td><td class=\"column-2\">MARCELLO CRISPINIANO PADULA<\/td>\n<\/tr>\n<tr class=\"row-64\">\n\t<td class=\"column-1\">63<\/td><td class=\"column-2\">LUIZ RENATO NATEL DE LARA<\/td>\n<\/tr>\n<tr class=\"row-65\">\n\t<td class=\"column-1\">64<\/td><td class=\"column-2\">EDISON LUIZ CARDOSO<\/td>\n<\/tr>\n<tr class=\"row-66\">\n\t<td class=\"column-1\">65<\/td><td class=\"column-2\">DECIO LUIZ  MELLO PEIXOTO FARIA<\/td>\n<\/tr>\n<tr class=\"row-67\">\n\t<td class=\"column-1\">66<\/td><td class=\"column-2\">CARLOS ROBERTO DA SILVA<\/td>\n<\/tr>\n<tr class=\"row-68\">\n\t<td class=\"column-1\">67<\/td><td class=\"column-2\">FRANCISCO GAY DA SILVA<\/td>\n<\/tr>\n<tr class=\"row-69\">\n\t<td class=\"column-1\">68<\/td><td class=\"column-2\">GENIVALDO RIBEIRO MOCH\u00c3O<\/td>\n<\/tr>\n<tr class=\"row-70\">\n\t<td class=\"column-1\">69<\/td><td class=\"column-2\">GRACIELA IURK MARINS<\/td>\n<\/tr>\n<tr class=\"row-71\">\n\t<td class=\"column-1\">70<\/td><td class=\"column-2\">MARIA CRISTINA DIAS BITTENCOURT<\/td>\n<\/tr>\n<tr class=\"row-72\">\n\t<td class=\"column-1\">71<\/td><td class=\"column-2\">AGEO VENG<\/td>\n<\/tr>\n<tr class=\"row-73\">\n\t<td class=\"column-1\">72<\/td><td class=\"column-2\">CARLOS ROBERTO BACILA<\/td>\n<\/tr>\n<tr class=\"row-74\">\n\t<td class=\"column-1\">73<\/td><td class=\"column-2\">MARCO ANTONIO DE ANDRADE<\/td>\n<\/tr>\n<tr class=\"row-75\">\n\t<td class=\"column-1\">74<\/td><td class=\"column-2\">MARCO ANTONIO PILOTO LOPES<\/td>\n<\/tr>\n<tr class=\"row-76\">\n\t<td class=\"column-1\">75<\/td><td class=\"column-2\">ROZENI ALVES COELHO<\/td>\n<\/tr>\n<tr class=\"row-77\">\n\t<td class=\"column-1\">76<\/td><td class=\"column-2\">PATRICIA REGINA GUENO<\/td>\n<\/tr>\n<tr class=\"row-78\">\n\t<td class=\"column-1\">77<\/td><td class=\"column-2\">VILMAR JOSE SIQUEIRA<\/td>\n<\/tr>\n<tr class=\"row-79\">\n\t<td class=\"column-1\">78<\/td><td class=\"column-2\">MARIA CRISTINA VIDOLIN<\/td>\n<\/tr>\n<tr class=\"row-80\">\n\t<td class=\"column-1\">79<\/td><td class=\"column-2\">MARLON GIL LOPES<\/td>\n<\/tr>\n<\/tbody>\n<\/table>\n<!-- #tablepress-1 from cache -->\n<p>&nbsp;<\/p>\n<p>Por 3 votos contra 01 ganhou o crit\u00e9rio do sorteio em detrimento da antiguidade sustentada por um \u00fanico professor presente. Para atestar a lisura do processo que culminou com a ordem dos beneficiados acima o sorteio foi filmado pelos diretores do Sinpes presentes.<\/p>\n<p style=\"text-align: justify;\">A assessoria jur\u00eddica do Sinpes est\u00e1 finalizando os ajustes da minuta de acordo e nos pr\u00f3ximos dias se reunir\u00e1 com os representantes da Inesul para assinatura do documento.<\/p>\n<p style=\"text-align: justify;\">O SINPES solicita que todos os professores beneficiados encaminhem e-mail&nbsp; para o endere\u00e7o <a href=\"mailto:sinpes@sinpes.org.br\">sinpes@sinpes.org.br<\/a> com seus dados banc\u00e1rios, nome completo, CPF e telefone para contato, para que assim que os valores sejam depositados os repasses posam ser efetuados. Em caso de n\u00e3o localiza\u00e7\u00e3o do beneficiado nem de seus herdeiros o Sinpes depositar\u00e1 o valor correspondente em ju\u00edzo, o qual ficar\u00e1 algum tempo ainda a disposi\u00e7\u00e3o do beneficiado, sendo convertido em renda para a Uni\u00e3o Federal em caso de n\u00e3o aparecimento do interessado.<\/p>\n<p style=\"text-align: justify;\">Maiores informa\u00e7\u00f5es podem ser obtidas no endere\u00e7o eletr\u00f4nico acima ou pelo telefone 3225-1041.<strong>&nbsp;&nbsp;&nbsp;&nbsp;&nbsp;&nbsp;&nbsp;&nbsp;&nbsp;&nbsp;&nbsp;&nbsp;&nbsp;&nbsp;&nbsp;&nbsp;&nbsp;&nbsp;&nbsp;&nbsp;&nbsp;&nbsp;&nbsp;&nbsp;&nbsp; <\/strong><\/p>\n<p style=\"text-align: justify;\"><strong>Diretoria do Sinpes.<\/strong><\/p>\n<p><a class=\"fasc-button fasc-size-medium fasc-type-glossy fasc-rounded-medium fasc-ico-before dashicons-admin-links\" style=\"background-color: #33809e; color: #ffffff;\" target=\"_blank\" href=\"http:\/\/sinpes.org.br\/site\/wp-content\/uploads\/2018\/07\/Ata-de-Assembleia.pdf\">ATA DE ASSEMBLEIA<\/a><\/p>\n<!-- AddThis Advanced Settings generic via filter on the_content --><!-- AddThis Share Buttons generic via filter on the_content -->","protected":false},"excerpt":{"rendered":"<p>O Sinpes se reuniu em Assembleia Geral com os professores da Inesul da sede de Colombo na data de 25\/06\/2018, com o intuito de apresentar proposta de acordo para p\u00f4r fim \u00e0 a\u00e7\u00e3o coletiva em tr\u00e2mite desde 2010 perante a 1\u00aa Vara do Trabalho de Colombo. A proposta feita pela empregadora, de parcelamento da d\u00edvida [&hellip;]<!-- AddThis Advanced Settings generic via filter on wp_trim_excerpt --><!-- AddThis Share Buttons generic via filter on wp_trim_excerpt --><\/p>\n","protected":false},"author":2,"featured_media":0,"comment_status":"closed","ping_status":"open","sticky":false,"template":"","format":"standard","meta":{"footnotes":""},"categories":[32],"tags":[305,86,313,22],"class_list":["post-1793","post","type-post","status-publish","format-standard","hentry","category-inesul","tag-assembleia","tag-inesul","tag-minuta-de-acordo","tag-professores"],"_links":{"self":[{"href":"https:\/\/sinpes.org.br\/site\/wp-json\/wp\/v2\/posts\/1793","targetHints":{"allow":["GET"]}}],"collection":[{"href":"https:\/\/sinpes.org.br\/site\/wp-json\/wp\/v2\/posts"}],"about":[{"href":"https:\/\/sinpes.org.br\/site\/wp-json\/wp\/v2\/types\/post"}],"author":[{"embeddable":true,"href":"https:\/\/sinpes.org.br\/site\/wp-json\/wp\/v2\/users\/2"}],"replies":[{"embeddable":true,"href":"https:\/\/sinpes.org.br\/site\/wp-json\/wp\/v2\/comments?post=1793"}],"version-history":[{"count":5,"href":"https:\/\/sinpes.org.br\/site\/wp-json\/wp\/v2\/posts\/1793\/revisions"}],"predecessor-version":[{"id":1807,"href":"https:\/\/sinpes.org.br\/site\/wp-json\/wp\/v2\/posts\/1793\/revisions\/1807"}],"wp:attachment":[{"href":"https:\/\/sinpes.org.br\/site\/wp-json\/wp\/v2\/media?parent=1793"}],"wp:term":[{"taxonomy":"category","embeddable":true,"href":"https:\/\/sinpes.org.br\/site\/wp-json\/wp\/v2\/categories?post=1793"},{"taxonomy":"post_tag","embeddable":true,"href":"https:\/\/sinpes.org.br\/site\/wp-json\/wp\/v2\/tags?post=1793"}],"curies":[{"name":"wp","href":"https:\/\/api.w.org\/{rel}","templated":true}]}}