{"id":1789,"date":"2018-07-05T16:28:53","date_gmt":"2018-07-05T19:28:53","guid":{"rendered":"http:\/\/sinpes.org.br\/site\/?p=1789"},"modified":"2018-07-05T16:28:53","modified_gmt":"2018-07-05T19:28:53","slug":"acao-pleiteando-integracao-na-remuneracao-dos-valores-recebidos-da-pos-graduacao-da-puc-pr-tem-audiencia-inicial","status":"publish","type":"post","link":"https:\/\/sinpes.org.br\/site\/acao-pleiteando-integracao-na-remuneracao-dos-valores-recebidos-da-pos-graduacao-da-puc-pr-tem-audiencia-inicial\/","title":{"rendered":"A\u00e7\u00e3o Pleiteando Integra\u00e7\u00e3o na Remunera\u00e7\u00e3o dos Valores Recebidos da P\u00f3s-Gradua\u00e7\u00e3o da PUC\/PR tem Audi\u00eancia Inicial"},"content":{"rendered":"<p style=\"text-align: justify;\">O Sinpes ajuizou em 09\/11\/2017 a\u00e7\u00e3o judicial pleiteando o reconhecimento da integra\u00e7\u00e3o no sal\u00e1rio para todos os efeitos legais dos valores auferidos em contrapresta\u00e7\u00e3o \u00e0 atividade dos substitu\u00eddos no \u00e2mbito da p\u00f3s-gradua\u00e7\u00e3o (Especializa\u00e7\u00e3o Latu Sensu).<\/p>\n<p style=\"text-align: justify;\"><a href=\"http:\/\/sinpes.org.br\/site\/wp-content\/uploads\/2018\/07\/Imagem-2.jpeg\"><img loading=\"lazy\" decoding=\"async\" class=\"foto alignleft wp-image-1790 size-medium\" src=\"http:\/\/sinpes.org.br\/site\/wp-content\/uploads\/2018\/07\/Imagem-2-300x225.jpeg\" alt=\"\" width=\"300\" height=\"225\" srcset=\"https:\/\/sinpes.org.br\/site\/wp-content\/uploads\/2018\/07\/Imagem-2-300x225.jpeg 300w, https:\/\/sinpes.org.br\/site\/wp-content\/uploads\/2018\/07\/Imagem-2-768x576.jpeg 768w, https:\/\/sinpes.org.br\/site\/wp-content\/uploads\/2018\/07\/Imagem-2.jpeg 1024w\" sizes=\"auto, (max-width: 300px) 100vw, 300px\" \/><\/a>O ajuizamento dessa a\u00e7\u00e3o decorreu do fato de que a PUCPR n\u00e3o considera para fins de apura\u00e7\u00e3o dos valores devidos a titulo de repouso semanal remunerado, hora-atividade, quinqu\u00eanios, tri\u00eanios, gratifica\u00e7\u00e3o de apoio a atividades de ensino, gratifica\u00e7\u00e3o de doutor, gratifica\u00e7\u00e3o de mestre, bem como para Previd\u00eancia Privada, os valores salariais recebidos pelos professores que lecionam para a P\u00f3s-Gradua\u00e7\u00e3o.<\/p>\n<p style=\"text-align: justify;\">Em se tratando de verbas que se inserem no conceito de sal\u00e1rio estabelecido pelo artigo 457 da CLT, no entender do SINPES n\u00e3o existe raz\u00e3o plaus\u00edvel para n\u00e3o se procederem as integra\u00e7\u00f5es devidas.<\/p>\n<p style=\"text-align: justify;\">Essa a\u00e7\u00e3o est\u00e1 em tr\u00e2mite perante a 1\u00aa Vara do Trabalho de Curitiba.<\/p>\n<p style=\"text-align: justify;\">A Audi\u00eancia Inicial desse processo foi realizada em 18\/06\/2018, ocasi\u00e3o em que a PUCPR apresentou sua contesta\u00e7\u00e3o e documentos. Nessa ocasi\u00e3o abriu-se prazo para que o SINPES se manifeste sobre os documentos apresentados pela PUCPR e foi designada Audi\u00eancia de Instru\u00e7\u00e3o para oitiva de testemunhas para a data 14\/11\/2018 \u00e0s 09h30min.<\/p>\n<p style=\"text-align: justify;\"><strong>Diretoria do Sinpes. <\/strong><\/p>\n<!-- AddThis Advanced Settings generic via filter on the_content --><!-- AddThis Share Buttons generic via filter on the_content -->","protected":false},"excerpt":{"rendered":"<p>O Sinpes ajuizou em 09\/11\/2017 a\u00e7\u00e3o judicial pleiteando o reconhecimento da integra\u00e7\u00e3o no sal\u00e1rio para todos os efeitos legais dos valores auferidos em contrapresta\u00e7\u00e3o \u00e0 atividade dos substitu\u00eddos no \u00e2mbito da p\u00f3s-gradua\u00e7\u00e3o (Especializa\u00e7\u00e3o Latu Sensu). O ajuizamento dessa a\u00e7\u00e3o decorreu do fato de que a PUCPR n\u00e3o considera para fins de apura\u00e7\u00e3o dos valores devidos [&hellip;]<!-- AddThis Advanced Settings generic via filter on wp_trim_excerpt --><!-- AddThis Share Buttons generic via filter on wp_trim_excerpt --><\/p>\n","protected":false},"author":2,"featured_media":0,"comment_status":"closed","ping_status":"open","sticky":false,"template":"","format":"standard","meta":{"footnotes":""},"categories":[2],"tags":[312,310,311,257],"class_list":["post-1789","post","type-post","status-publish","format-standard","hentry","category-puc","tag-audiencia-inicial","tag-integracao-na-remuneracao-dos-valores-recebidos","tag-pos-graduacao","tag-puc-pr"],"_links":{"self":[{"href":"https:\/\/sinpes.org.br\/site\/wp-json\/wp\/v2\/posts\/1789","targetHints":{"allow":["GET"]}}],"collection":[{"href":"https:\/\/sinpes.org.br\/site\/wp-json\/wp\/v2\/posts"}],"about":[{"href":"https:\/\/sinpes.org.br\/site\/wp-json\/wp\/v2\/types\/post"}],"author":[{"embeddable":true,"href":"https:\/\/sinpes.org.br\/site\/wp-json\/wp\/v2\/users\/2"}],"replies":[{"embeddable":true,"href":"https:\/\/sinpes.org.br\/site\/wp-json\/wp\/v2\/comments?post=1789"}],"version-history":[{"count":1,"href":"https:\/\/sinpes.org.br\/site\/wp-json\/wp\/v2\/posts\/1789\/revisions"}],"predecessor-version":[{"id":1791,"href":"https:\/\/sinpes.org.br\/site\/wp-json\/wp\/v2\/posts\/1789\/revisions\/1791"}],"wp:attachment":[{"href":"https:\/\/sinpes.org.br\/site\/wp-json\/wp\/v2\/media?parent=1789"}],"wp:term":[{"taxonomy":"category","embeddable":true,"href":"https:\/\/sinpes.org.br\/site\/wp-json\/wp\/v2\/categories?post=1789"},{"taxonomy":"post_tag","embeddable":true,"href":"https:\/\/sinpes.org.br\/site\/wp-json\/wp\/v2\/tags?post=1789"}],"curies":[{"name":"wp","href":"https:\/\/api.w.org\/{rel}","templated":true}]}}