{"id":1785,"date":"2018-07-05T16:22:39","date_gmt":"2018-07-05T19:22:39","guid":{"rendered":"http:\/\/sinpes.org.br\/site\/?p=1785"},"modified":"2018-07-05T16:22:39","modified_gmt":"2018-07-05T19:22:39","slug":"sinpes-resgata-divida-historica-com-os-professores-40-horas","status":"publish","type":"post","link":"https:\/\/sinpes.org.br\/site\/sinpes-resgata-divida-historica-com-os-professores-40-horas\/","title":{"rendered":"Sinpes Resgata D\u00edvida Hist\u00f3rica com os Professores 40 Horas"},"content":{"rendered":"<p style=\"text-align: justify;\">Quando da celebra\u00e7\u00e3o do acordo coletivo de 2014, que p\u00f4s fim \u00e0 a\u00e7\u00e3o ajuizada pelo Sinpes voltada para o recebimento de diferen\u00e7as de horas complementares dos professores horistas em regime inferior a 40 horas aulas semanais, ficou estipulada uma importante compensa\u00e7\u00e3o financeira para esses professores. <!--more-->Ficaram \u00e0 margem dos benef\u00edcios ent\u00e3o obtidos os professores com dedica\u00e7\u00e3o integral que auferiam 40 horas aulas semanais em face da inexist\u00eancia de a\u00e7\u00e3o judicial ajuizada em prol destes docentes.<\/p>\n<p style=\"text-align: justify;\"><a href=\"http:\/\/sinpes.org.br\/site\/wp-content\/uploads\/2018\/07\/Imagem-1.jpeg\"><img loading=\"lazy\" decoding=\"async\" class=\"foto wp-image-1786 size-medium alignleft\" src=\"http:\/\/sinpes.org.br\/site\/wp-content\/uploads\/2018\/07\/Imagem-1-300x225.jpeg\" alt=\"\" width=\"300\" height=\"225\" srcset=\"https:\/\/sinpes.org.br\/site\/wp-content\/uploads\/2018\/07\/Imagem-1-300x225.jpeg 300w, https:\/\/sinpes.org.br\/site\/wp-content\/uploads\/2018\/07\/Imagem-1-768x576.jpeg 768w, https:\/\/sinpes.org.br\/site\/wp-content\/uploads\/2018\/07\/Imagem-1.jpeg 1024w\" sizes=\"auto, (max-width: 300px) 100vw, 300px\" \/><\/a>Melhor analisando as instru\u00e7\u00f5es normativas que regulamentavam o instituto das horas complementares, a assessoria jur\u00eddica do Sinpes constatou que tamb\u00e9m fazem jus a essas horas suplementares os professores contratados sob o regime de dedica\u00e7\u00e3o integral que recebem 40 horas semanais, lecionando 20 horas aulas e exercendo atividades complementares ao magist\u00e9rio nas 20 horas restantes. Garantido o direito a horas complementares na propor\u00e7\u00e3o das horas aulas de tablado lecionadas at\u00e9 dezembro de 2014 estes professores passam a fazer jus tamb\u00e9m \u00e0 gratifica\u00e7\u00e3o substitutiva dessas horas, devidas a partir de janeiro de 2015.<\/p>\n<p style=\"text-align: justify;\">Para que esse direito seja definitivamente incorporado no patrim\u00f4nio jur\u00eddico de todos os professores com dedica\u00e7\u00e3o integral o Sinpes ajuizou a\u00e7\u00e3o trabalhista perante a 1\u00aa Vara do Trabalho de Curitiba.<\/p>\n<p style=\"text-align: justify;\">Em 18\/06\/2018 realizou-se a audi\u00eancia de instru\u00e7\u00e3o nessa a\u00e7\u00e3o. Como testemunhas da PUCPR compareceram mas foram dispensados os Professores Roberto Andr\u00e9 Orestens e Paulo S\u00e9rgio Macuchen Nogas. Pelo Sindicato, o professor convidado para depor foi Pablo Deivid Valle, o qual esclareceu que as exig\u00eancias da PUCPR em rela\u00e7\u00e3o ao seu corpo docentes sempre foram id\u00eanticas, n\u00e3o se justificando que aqueles com carga hor\u00e1ria inferior a 40 horas recebessem as horas complementares em detrimento dos que lecionavam pela sistem\u00e1tica da dedica\u00e7\u00e3o integral. Tamb\u00e9m confirmou a alega\u00e7\u00e3o do SINPES de que alguns professores com 40 horas semanais chegaram a receber essa vantagem, o que por si s\u00f3 justifica a extens\u00e3o para os demais, com base no princ\u00edpio constitucional da Isonomia.<\/p>\n<p style=\"text-align: justify;\">A prola\u00e7\u00e3o da senten\u00e7a est\u00e1 designada para o dia 06\/07\/2018.<\/p>\n<p style=\"text-align: justify;\"><strong>Diretoria do Sinpes.<\/strong><\/p>\n<!-- AddThis Advanced Settings generic via filter on the_content --><!-- AddThis Share Buttons generic via filter on the_content -->","protected":false},"excerpt":{"rendered":"<p>Quando da celebra\u00e7\u00e3o do acordo coletivo de 2014, que p\u00f4s fim \u00e0 a\u00e7\u00e3o ajuizada pelo Sinpes voltada para o recebimento de diferen\u00e7as de horas complementares dos professores horistas em regime inferior a 40 horas aulas semanais, ficou estipulada uma importante compensa\u00e7\u00e3o financeira para esses professores.<!-- AddThis Advanced Settings generic via filter on wp_trim_excerpt --><!-- AddThis Share Buttons generic via filter on wp_trim_excerpt --><\/p>\n","protected":false},"author":2,"featured_media":1786,"comment_status":"closed","ping_status":"open","sticky":false,"template":"","format":"standard","meta":{"footnotes":""},"categories":[13,5],"tags":[308,309],"class_list":["post-1785","post","type-post","status-publish","format-standard","has-post-thumbnail","hentry","category-home","category-sinpes","tag-divida-historica","tag-professores-40-horas"],"_links":{"self":[{"href":"https:\/\/sinpes.org.br\/site\/wp-json\/wp\/v2\/posts\/1785","targetHints":{"allow":["GET"]}}],"collection":[{"href":"https:\/\/sinpes.org.br\/site\/wp-json\/wp\/v2\/posts"}],"about":[{"href":"https:\/\/sinpes.org.br\/site\/wp-json\/wp\/v2\/types\/post"}],"author":[{"embeddable":true,"href":"https:\/\/sinpes.org.br\/site\/wp-json\/wp\/v2\/users\/2"}],"replies":[{"embeddable":true,"href":"https:\/\/sinpes.org.br\/site\/wp-json\/wp\/v2\/comments?post=1785"}],"version-history":[{"count":2,"href":"https:\/\/sinpes.org.br\/site\/wp-json\/wp\/v2\/posts\/1785\/revisions"}],"predecessor-version":[{"id":1788,"href":"https:\/\/sinpes.org.br\/site\/wp-json\/wp\/v2\/posts\/1785\/revisions\/1788"}],"wp:featuredmedia":[{"embeddable":true,"href":"https:\/\/sinpes.org.br\/site\/wp-json\/wp\/v2\/media\/1786"}],"wp:attachment":[{"href":"https:\/\/sinpes.org.br\/site\/wp-json\/wp\/v2\/media?parent=1785"}],"wp:term":[{"taxonomy":"category","embeddable":true,"href":"https:\/\/sinpes.org.br\/site\/wp-json\/wp\/v2\/categories?post=1785"},{"taxonomy":"post_tag","embeddable":true,"href":"https:\/\/sinpes.org.br\/site\/wp-json\/wp\/v2\/tags?post=1785"}],"curies":[{"name":"wp","href":"https:\/\/api.w.org\/{rel}","templated":true}]}}