{"id":1779,"date":"2018-06-20T15:04:01","date_gmt":"2018-06-20T18:04:01","guid":{"rendered":"http:\/\/sinpes.org.br\/site\/?p=1779"},"modified":"2018-06-20T15:04:01","modified_gmt":"2018-06-20T18:04:01","slug":"sinpes-convoca-professores-da-inesul-assembleia-para-aprovacao-de-proposta-de-acordo","status":"publish","type":"post","link":"https:\/\/sinpes.org.br\/site\/sinpes-convoca-professores-da-inesul-assembleia-para-aprovacao-de-proposta-de-acordo\/","title":{"rendered":"Sinpes Convoca Professores da Inesul: Assembleia para Aprova\u00e7\u00e3o de Proposta de Acordo"},"content":{"rendered":"<p style=\"text-align: justify;\">O Sinpes ajuizou a\u00e7\u00e3o coletiva em 20\/12\/2010 contra a Inesul, pleiteando o pagamento do d\u00e9cimo terceiro sal\u00e1rio referente \u00e0quele ano e multas pelos recorrentes atrasos salariais dos professores.<\/p>\n<p style=\"text-align: justify;\">O processo tramita perante a 1\u00aa Vara do Trabalho de Colombo, na fase de execu\u00e7\u00e3o, com determina\u00e7\u00e3o de penhora das mensalidades, determinada em audi\u00eancia de concilia\u00e7\u00e3o em 28.05.2018.<\/p>\n<p style=\"text-align: justify;\">Em 14.06.2018, as partes se reuniram com o objetivo de alinhavar um acordo que permitisse o recebimento dos valores integrais devidos aos professores beneficiados sem inviabilizar o prosseguimento das atividades acad\u00eamicas.<\/p>\n<p style=\"text-align: justify;\">Ap\u00f3s exaustivas negocia\u00e7\u00f5es o Sinpes reputou razo\u00e1vel o pagamento da d\u00edvida em 29 presta\u00e7\u00f5es de R $ 3.000,00 para os 79 professores beneficiados:<\/p>\n<table width=\"0\">\n<tbody>\n<tr>\n<td width=\"335\">1.\u00a0\u00a0 AGEO VENG<\/td>\n<\/tr>\n<tr>\n<td width=\"335\">2.\u00a0\u00a0 ALCIDES NERI BATISTA<\/td>\n<\/tr>\n<tr>\n<td width=\"335\">3.\u00a0\u00a0 ALESSANDRO DA SILVA LEITE<\/td>\n<\/tr>\n<tr>\n<td width=\"335\">4.\u00a0\u00a0 ANA CAROLINA SILVA FARIA<\/td>\n<\/tr>\n<tr>\n<td width=\"335\">5.\u00a0\u00a0 ANDRE LUIZ DE SOUZA<\/td>\n<\/tr>\n<tr>\n<td width=\"335\">6.\u00a0\u00a0 ANDREIA ANACLETO ROSA<\/td>\n<\/tr>\n<tr>\n<td width=\"335\">7.\u00a0\u00a0 ANDRESSA MARGARETH ASSAKA<\/td>\n<\/tr>\n<tr>\n<td width=\"335\">8.\u00a0\u00a0 ANGELA CRISTINA KOCHINSKI<\/td>\n<\/tr>\n<tr>\n<td width=\"335\">9.\u00a0\u00a0 ANNA CHRISTINA GOL\u00c7ALVES<\/td>\n<\/tr>\n<tr>\n<td width=\"335\">10. ANTONIO MARCOS DE OLIVEIRA<\/td>\n<\/tr>\n<tr>\n<td width=\"335\">11. ANTONIO MARCOS HALISKI<\/td>\n<\/tr>\n<tr>\n<td width=\"335\">12. APARECIDO DONIZETE TEIXEIRA<\/td>\n<\/tr>\n<tr>\n<td width=\"335\">13. AROLDO ADAM JUNIOR<\/td>\n<\/tr>\n<tr>\n<td width=\"335\">14. CARLA CRISTINA FERRERIA DALPRA<\/td>\n<\/tr>\n<tr>\n<td width=\"335\">15. CARLOS ROBERTO BACILA<\/td>\n<\/tr>\n<tr>\n<td width=\"335\">16. CARLOS ROBERTO DA SILVA<\/td>\n<\/tr>\n<tr>\n<td width=\"335\">17. CLAUDINEI DUARTE DE LIMA<\/td>\n<\/tr>\n<tr>\n<td width=\"335\">18. CLEVERTON JULIANO ALVES<\/td>\n<\/tr>\n<tr>\n<td width=\"335\">19. CRISTIANO MOREIRA<\/td>\n<\/tr>\n<tr>\n<td width=\"335\">20. DANIEL LIRA DE OLIVEIRA<\/td>\n<\/tr>\n<tr>\n<td width=\"335\">21. DAVID BESSA ALVES<\/td>\n<\/tr>\n<tr>\n<td width=\"335\">22. DEBORA SIQUEIRA DE AMORIM<\/td>\n<\/tr>\n<tr>\n<td width=\"335\">23. DECIO LUIZ\u00a0 MELLO PEIXOTO FARIA<\/td>\n<\/tr>\n<tr>\n<td width=\"335\">24. DIANA DO ROCIO BIZ PAIM<\/td>\n<\/tr>\n<tr>\n<td width=\"335\">25. EDISON LUIZ CARDOSO<\/td>\n<\/tr>\n<tr>\n<td width=\"335\">26. EDSON LUIZ PIERIN<\/td>\n<\/tr>\n<tr>\n<td width=\"335\">27. EDUARDO ANSELMO FENDRICH<\/td>\n<\/tr>\n<tr>\n<td width=\"335\">28. ELIANA PROVENCI<\/td>\n<\/tr>\n<tr>\n<td width=\"335\">29. FABIO HENRIQUE RIBEIRO<\/td>\n<\/tr>\n<tr>\n<td width=\"335\">30. FLAVIA DENISE PITUCO<\/td>\n<\/tr>\n<tr>\n<td width=\"335\">31. FRANCISCO GAY DA SILVA<\/td>\n<\/tr>\n<tr>\n<td width=\"335\">32. GENIVALDO RIBEIRO MOCH\u00c3O<\/td>\n<\/tr>\n<tr>\n<td width=\"335\">33. GRACIELA IURK MARINS<\/td>\n<\/tr>\n<tr>\n<td width=\"335\">34. HENRIQUE LIDIO<\/td>\n<\/tr>\n<tr>\n<td width=\"335\">35. HIRAN BRANDALIZE<\/td>\n<\/tr>\n<tr>\n<td width=\"335\">36. IDOVILDE DE FATIMA FERNANDES<\/td>\n<\/tr>\n<tr>\n<td width=\"335\">37. INACIO DIAZ MARTINEZ<\/td>\n<\/tr>\n<tr>\n<td width=\"335\">38. JOSE ANTONIO MIGLIORINI<\/td>\n<\/tr>\n<tr>\n<td width=\"335\">39. JOSE LUIZ DOS SANTOS<\/td>\n<\/tr>\n<tr>\n<td width=\"335\">40. JULIANA IETEKA KRAINSKI<\/td>\n<\/tr>\n<tr>\n<td width=\"335\">41. LEILA APARECIDA FERREIRA PURCOTE<\/td>\n<\/tr>\n<tr>\n<td width=\"335\">42. LUANA ARGENTA PEREIRA<\/td>\n<\/tr>\n<tr>\n<td width=\"335\">43. LUCIANO FURTADO CORREA<\/td>\n<\/tr>\n<tr>\n<td width=\"335\">44. LUIS GABRIEL ABRAVANEL<\/td>\n<\/tr>\n<tr>\n<td width=\"335\">45. LUIZ EDUARDO LANZINI<\/td>\n<\/tr>\n<tr>\n<td width=\"335\">46. LUIZ RENATO NATEL DE LARA<\/td>\n<\/tr>\n<tr>\n<td width=\"335\">47. MARCELLO CRISPINIANO PADULA<\/td>\n<\/tr>\n<tr>\n<td width=\"335\">48. MARCIA REGINA RIBEIRO DOS SANTOS<\/td>\n<\/tr>\n<tr>\n<td width=\"335\">49. MARCO ANTONIO DE ANDRADE<\/td>\n<\/tr>\n<tr>\n<td width=\"335\">50. MARCO ANTONIO PILOTO LOPES<\/td>\n<\/tr>\n<tr>\n<td width=\"335\">51. MARCO AURELIO RODRIGUES<\/td>\n<\/tr>\n<tr>\n<td width=\"335\">52. MARIA CRISTINA DIAS BITTENCOURT<\/td>\n<\/tr>\n<tr>\n<td width=\"335\">53. MARIA CRISTINA VIDOLIN<\/td>\n<\/tr>\n<tr>\n<td width=\"335\">54. MARIANO ANTONIO CABELLO<\/td>\n<\/tr>\n<tr>\n<td width=\"335\">55. MARIO ANTONIO ZANCANARO<\/td>\n<\/tr>\n<tr>\n<td width=\"335\">56. MARIO SERGIO HAMPEL<\/td>\n<\/tr>\n<tr>\n<td width=\"335\">57. MARLENE BENTO DA SILVA<\/td>\n<\/tr>\n<tr>\n<td width=\"335\">58. MARLON GIL LOPES<\/td>\n<\/tr>\n<tr>\n<td width=\"335\">59. MILTON CESAR BATISTA<\/td>\n<\/tr>\n<tr>\n<td width=\"335\">60. MONIQUE WAGNER DE SOUZA<\/td>\n<\/tr>\n<tr>\n<td width=\"335\">61. PATRICIA REGINA GUENO<\/td>\n<\/tr>\n<tr>\n<td width=\"335\">62. PATRICK MICHEL CHANDELIER<\/td>\n<\/tr>\n<tr>\n<td width=\"335\">63. PRISCILA RENCK<\/td>\n<\/tr>\n<tr>\n<td width=\"335\">64. RAFAEL MANUEL DE PAULA<\/td>\n<\/tr>\n<tr>\n<td width=\"335\">65. RITA APARECIDA DA SILVA VIDOLIN<\/td>\n<\/tr>\n<tr>\n<td width=\"335\">66. RITA DE FATIMA STRAIOTO DE SOUZA<\/td>\n<\/tr>\n<tr>\n<td width=\"335\">67. ROBERSON CESAR ALVES DE ARAUJO<\/td>\n<\/tr>\n<tr>\n<td width=\"335\">68. ROZELI BERNADETE THOMAZ<\/td>\n<\/tr>\n<tr>\n<td width=\"335\">69. ROZENI ALVES COELHO<\/td>\n<\/tr>\n<tr>\n<td width=\"335\">70. RUBIA CRISTINA DOS SANTOS<\/td>\n<\/tr>\n<tr>\n<td width=\"335\">71. SERGIO ROBERTO BUENO<\/td>\n<\/tr>\n<tr>\n<td width=\"335\">72. SHEILA CRISTINA CARON<\/td>\n<\/tr>\n<tr>\n<td width=\"335\">73. SIGMAR SABIN<\/td>\n<\/tr>\n<tr>\n<td width=\"335\">74. SILVANA GOMES ALVES<\/td>\n<\/tr>\n<tr>\n<td width=\"335\">75. VANESSA CAROLINE DA SILVA<\/td>\n<\/tr>\n<tr>\n<td width=\"335\">76. VANTUIRIS INACIO DE FREITAS<\/td>\n<\/tr>\n<tr>\n<td width=\"335\">77. VILMAR JOSE SIQUEIRA<\/td>\n<\/tr>\n<tr>\n<td width=\"335\">78. WELLINGTON DOS SANTOS<\/td>\n<\/tr>\n<tr>\n<td width=\"335\">79. WILLIAN ROBERTO VICENTINI<\/td>\n<\/tr>\n<\/tbody>\n<\/table>\n<p style=\"text-align: justify;\">\n<p style=\"text-align: justify;\">Para que os interessados aprovem o acordo alinhavado entre as partes e estabele\u00e7am crit\u00e9rios de imputa\u00e7\u00e3o do pagamento de cada uma das parcelas o Sinpes convoca todos os professores beneficiados para Assembleia Geral, a se realizar no dia 25\/06\/2018 as 18h00min, na sede da Institui\u00e7\u00e3o em Colombo.<\/p>\n<p style=\"text-align: justify;\">Na ocasi\u00e3o os docentes ser\u00e3o inteirados do valor dos seus cr\u00e9ditos, devidamente atualizados.<\/p>\n<p style=\"text-align: justify;\">\n<p style=\"text-align: justify;\"><strong>Diretoria do Sinpes.<\/strong><\/p>\n<!-- AddThis Advanced Settings generic via filter on the_content --><!-- AddThis Share Buttons generic via filter on the_content -->","protected":false},"excerpt":{"rendered":"<p>O Sinpes ajuizou a\u00e7\u00e3o coletiva em 20\/12\/2010 contra a Inesul, pleiteando o pagamento do d\u00e9cimo terceiro sal\u00e1rio referente \u00e0quele ano e multas pelos recorrentes atrasos salariais dos professores. O processo tramita perante a 1\u00aa Vara do Trabalho de Colombo, na fase de execu\u00e7\u00e3o, com determina\u00e7\u00e3o de penhora das mensalidades, determinada em audi\u00eancia de concilia\u00e7\u00e3o em [&hellip;]<!-- AddThis Advanced Settings generic via filter on wp_trim_excerpt --><!-- AddThis Share Buttons generic via filter on wp_trim_excerpt --><\/p>\n","protected":false},"author":2,"featured_media":0,"comment_status":"closed","ping_status":"open","sticky":false,"template":"","format":"standard","meta":{"footnotes":""},"categories":[32],"tags":[305,86,307,306],"class_list":["post-1779","post","type-post","status-publish","format-standard","hentry","category-inesul","tag-assembleia","tag-inesul","tag-professores-da-inesul","tag-proposta-de-acordo"],"_links":{"self":[{"href":"https:\/\/sinpes.org.br\/site\/wp-json\/wp\/v2\/posts\/1779","targetHints":{"allow":["GET"]}}],"collection":[{"href":"https:\/\/sinpes.org.br\/site\/wp-json\/wp\/v2\/posts"}],"about":[{"href":"https:\/\/sinpes.org.br\/site\/wp-json\/wp\/v2\/types\/post"}],"author":[{"embeddable":true,"href":"https:\/\/sinpes.org.br\/site\/wp-json\/wp\/v2\/users\/2"}],"replies":[{"embeddable":true,"href":"https:\/\/sinpes.org.br\/site\/wp-json\/wp\/v2\/comments?post=1779"}],"version-history":[{"count":1,"href":"https:\/\/sinpes.org.br\/site\/wp-json\/wp\/v2\/posts\/1779\/revisions"}],"predecessor-version":[{"id":1780,"href":"https:\/\/sinpes.org.br\/site\/wp-json\/wp\/v2\/posts\/1779\/revisions\/1780"}],"wp:attachment":[{"href":"https:\/\/sinpes.org.br\/site\/wp-json\/wp\/v2\/media?parent=1779"}],"wp:term":[{"taxonomy":"category","embeddable":true,"href":"https:\/\/sinpes.org.br\/site\/wp-json\/wp\/v2\/categories?post=1779"},{"taxonomy":"post_tag","embeddable":true,"href":"https:\/\/sinpes.org.br\/site\/wp-json\/wp\/v2\/tags?post=1779"}],"curies":[{"name":"wp","href":"https:\/\/api.w.org\/{rel}","templated":true}]}}