{"id":1771,"date":"2018-06-18T18:03:41","date_gmt":"2018-06-18T21:03:41","guid":{"rendered":"http:\/\/sinpes.org.br\/site\/?p=1771"},"modified":"2018-06-18T18:03:41","modified_gmt":"2018-06-18T21:03:41","slug":"negociacoes-coletivas-finalmente-caminham-para-um-desfecho","status":"publish","type":"post","link":"https:\/\/sinpes.org.br\/site\/negociacoes-coletivas-finalmente-caminham-para-um-desfecho\/","title":{"rendered":"Negocia\u00e7\u00f5es Coletivas Finalmente Caminham para um Desfecho"},"content":{"rendered":"<p style=\"text-align: justify;\">A dr\u00e1stica redu\u00e7\u00e3o da receita do Sinpes decorrente da m\u00e1 interpreta\u00e7\u00e3o da nova legisla\u00e7\u00e3o atinente \u00e0 contribui\u00e7\u00e3o sindical impediu que se desencadeasse a campanha de mobiliza\u00e7\u00e3o que chegava habitualmente \u00e0s ruas nessa \u00e9poca do ano, voltada para a mobiliza\u00e7\u00e3o dos professores contra as habitualmente indecorosas propostas patronais.<!--more--><\/p>\n<p style=\"text-align: justify;\">Sem dinheiro para movimentar caminh\u00f5es de som, convocar a categoria pela imprensa escrita e falada e panfletar junto \u00e0s principais institui\u00e7\u00f5es de ensino, a resist\u00eancia contra as tentativas patronais de mutilar conquistas hist\u00f3ricas dos professores tais como a irredutibilidade da carga hor\u00e1ria (mediante a institui\u00e7\u00e3o de uma excresc\u00eancia denominada de \u201crescis\u00e3o parcial\u201d) e os quinqu\u00eanios resumiu-se na intransig\u00eancia da diretoria do Sinpes nas rodadas de negocia\u00e7\u00e3o realizadas.<\/p>\n<p style=\"text-align: justify;\">Descartada a op\u00e7\u00e3o adotada por diversas entidades sindicais de permutar fontes de custeio \u201ctoleradas\u201d pelos patr\u00f5es por direitos coletivos incorporados desde h\u00e1 muito no patrim\u00f4nio jur\u00eddico dos trabalhadores, as tratativas pareciam caminhar para um impasse. Nos \u00faltimos dias afortunadamente desobstru\u00edram-se os canais de negocia\u00e7\u00e3o.<\/p>\n<p style=\"text-align: justify;\">Os empregadores concordam com a renova\u00e7\u00e3o integral das cl\u00e1usulas sociais, com a manuten\u00e7\u00e3o de conquistas hist\u00f3ricas da categoria tais como quinqu\u00eanios e irredutibilidade da carga hor\u00e1ria e com a defini\u00e7\u00e3o de de regras mais claras sobre a aplica\u00e7\u00e3o do ensino modular e sobre as cotas legais para deficientes e aprendizes, ainda em fase de reda\u00e7\u00e3o. Em contrapartida concordamos com reajuste salarial que se limite a repor a infla\u00e7\u00e3o oficial acumulada dos 12 meses compreendidos entre fevereiro de 2017 e janeiro de 2018, sem qualquer ganho real. N\u00e3o se trata de uma maravilha mas de conven\u00e7\u00e3o coletiva compat\u00edvel com o momento de transi\u00e7\u00e3o e incerteza em que vivemos.<\/p>\n<p style=\"text-align: justify;\">Assim que as tratativas estejam conclu\u00eddas os professores ser\u00e3o convocados para a assembleia geral que aprovar\u00e1 ou rejeitar\u00e1 o texto negociado com o Sinepe por publica\u00e7\u00e3o de edital no Jornal Tribunal do Paran\u00e1 (por imperativo estatut\u00e1rio), no s\u00edtio oficial e no <em>facebook<\/em> do Sinpes. Permane\u00e7am atentos!<\/p>\n<!-- AddThis Advanced Settings generic via filter on the_content --><!-- AddThis Share Buttons generic via filter on the_content -->","protected":false},"excerpt":{"rendered":"<p>A dr\u00e1stica redu\u00e7\u00e3o da receita do Sinpes decorrente da m\u00e1 interpreta\u00e7\u00e3o da nova legisla\u00e7\u00e3o atinente \u00e0 contribui\u00e7\u00e3o sindical impediu que se desencadeasse a campanha de mobiliza\u00e7\u00e3o que chegava habitualmente \u00e0s ruas nessa \u00e9poca do ano, voltada para a mobiliza\u00e7\u00e3o dos professores contra as habitualmente indecorosas propostas patronais.<!-- AddThis Advanced Settings generic via filter on wp_trim_excerpt --><!-- AddThis Share Buttons generic via filter on wp_trim_excerpt --><\/p>\n","protected":false},"author":2,"featured_media":594,"comment_status":"closed","ping_status":"open","sticky":false,"template":"","format":"standard","meta":{"footnotes":""},"categories":[13,5],"tags":[266,303,282],"class_list":["post-1771","post","type-post","status-publish","format-standard","has-post-thumbnail","hentry","category-home","category-sinpes","tag-contribuicao-sindical","tag-desfecho","tag-negociacoes-coletivas"],"_links":{"self":[{"href":"https:\/\/sinpes.org.br\/site\/wp-json\/wp\/v2\/posts\/1771","targetHints":{"allow":["GET"]}}],"collection":[{"href":"https:\/\/sinpes.org.br\/site\/wp-json\/wp\/v2\/posts"}],"about":[{"href":"https:\/\/sinpes.org.br\/site\/wp-json\/wp\/v2\/types\/post"}],"author":[{"embeddable":true,"href":"https:\/\/sinpes.org.br\/site\/wp-json\/wp\/v2\/users\/2"}],"replies":[{"embeddable":true,"href":"https:\/\/sinpes.org.br\/site\/wp-json\/wp\/v2\/comments?post=1771"}],"version-history":[{"count":1,"href":"https:\/\/sinpes.org.br\/site\/wp-json\/wp\/v2\/posts\/1771\/revisions"}],"predecessor-version":[{"id":1772,"href":"https:\/\/sinpes.org.br\/site\/wp-json\/wp\/v2\/posts\/1771\/revisions\/1772"}],"wp:featuredmedia":[{"embeddable":true,"href":"https:\/\/sinpes.org.br\/site\/wp-json\/wp\/v2\/media\/594"}],"wp:attachment":[{"href":"https:\/\/sinpes.org.br\/site\/wp-json\/wp\/v2\/media?parent=1771"}],"wp:term":[{"taxonomy":"category","embeddable":true,"href":"https:\/\/sinpes.org.br\/site\/wp-json\/wp\/v2\/categories?post=1771"},{"taxonomy":"post_tag","embeddable":true,"href":"https:\/\/sinpes.org.br\/site\/wp-json\/wp\/v2\/tags?post=1771"}],"curies":[{"name":"wp","href":"https:\/\/api.w.org\/{rel}","templated":true}]}}