{"id":1768,"date":"2018-06-18T18:00:32","date_gmt":"2018-06-18T21:00:32","guid":{"rendered":"http:\/\/sinpes.org.br\/site\/?p=1768"},"modified":"2018-06-18T18:00:32","modified_gmt":"2018-06-18T21:00:32","slug":"sinpes-convoca-professores-pesquisadores-da-unibrasil-para-reuniao","status":"publish","type":"post","link":"https:\/\/sinpes.org.br\/site\/sinpes-convoca-professores-pesquisadores-da-unibrasil-para-reuniao\/","title":{"rendered":"Sinpes Convoca Professores Pesquisadores da Unibrasil para Reuni\u00e3o"},"content":{"rendered":"<p style=\"text-align: justify;\">O Sinpes se reuniu em mesa redonda perante a Superintend\u00eancia Regional do Trabalho com os representantes da Unibrasil, para pedir esclarecimentos sobre diversas den\u00fancias de irregularidades noticiadas ao sindicato.<\/p>\n<p style=\"text-align: justify;\">Um dos pontos abordados na presente reuni\u00e3o foi a altera\u00e7\u00e3o contratual que o Sinpes entende lesiva aos contratos dos professores pesquisadores remunerados com 40 horas mensais. Segundo tem sido veiculado em diversas reuni\u00f5es pedag\u00f3gicas esses docentes passariam a lecionar 20 horas semanais ao inv\u00e9s das 12 horas contratualmente garantidas sem que haja diminui\u00e7\u00e3o compensat\u00f3ria de suas demais atribui\u00e7\u00f5es nem qualquer majora\u00e7\u00e3o salarial, passando a ser exigida perman\u00eancia na institui\u00e7\u00e3o de ensino.<\/p>\n<p style=\"text-align: justify;\">Os representantes da Unibrasil n\u00e3o reputam essa altera\u00e7\u00e3o prejudicial ao professor pois entendem, ao contr\u00e1rio do Sinpes, que essa determina\u00e7\u00e3o estaria no \u00e2mbito do poder diretivo patronal.<\/p>\n<p style=\"text-align: justify;\">Com o objetivo de debater com maior profundidade a quest\u00e3o e colher sugest\u00f5es acerca de quais as provid\u00eancias que devem ser tomadas, o Sinpes encaminhou of\u00edcio para a Institui\u00e7\u00e3o de Ensino, solicitando um espa\u00e7o para realizar reuni\u00e3o com os docentes afetados pela medida restritiva de direitos.<\/p>\n<p style=\"text-align: justify;\">Como indicativo o Sinpes sugeriu \u00e0 Institui\u00e7\u00e3o, que a reuni\u00e3o ocorra no dia 19\/06\/2018 (ter\u00e7a feira), 18 horas, no Audit\u00f3rio Edla Van Steen- Bloco I. Na hip\u00f3tese de n\u00e3o ser poss\u00edvel a realiza\u00e7\u00e3o no local indicado, o Sinpes sinalizar\u00e1 o novo local porventura autorizado.<\/p>\n<p style=\"text-align: justify;\"><strong>Diretoria do Sinpes. <\/strong><\/p>\n<!-- AddThis Advanced Settings generic via filter on the_content --><!-- AddThis Share Buttons generic via filter on the_content -->","protected":false},"excerpt":{"rendered":"<p>O Sinpes se reuniu em mesa redonda perante a Superintend\u00eancia Regional do Trabalho com os representantes da Unibrasil, para pedir esclarecimentos sobre diversas den\u00fancias de irregularidades noticiadas ao sindicato. Um dos pontos abordados na presente reuni\u00e3o foi a altera\u00e7\u00e3o contratual que o Sinpes entende lesiva aos contratos dos professores pesquisadores remunerados com 40 horas mensais. [&hellip;]<!-- AddThis Advanced Settings generic via filter on wp_trim_excerpt --><!-- AddThis Share Buttons generic via filter on wp_trim_excerpt --><\/p>\n","protected":false},"author":2,"featured_media":0,"comment_status":"closed","ping_status":"open","sticky":false,"template":"","format":"standard","meta":{"footnotes":""},"categories":[4],"tags":[302,108],"class_list":["post-1768","post","type-post","status-publish","format-standard","hentry","category-unibrasil","tag-professores-pesquisadores","tag-unibrasil"],"_links":{"self":[{"href":"https:\/\/sinpes.org.br\/site\/wp-json\/wp\/v2\/posts\/1768","targetHints":{"allow":["GET"]}}],"collection":[{"href":"https:\/\/sinpes.org.br\/site\/wp-json\/wp\/v2\/posts"}],"about":[{"href":"https:\/\/sinpes.org.br\/site\/wp-json\/wp\/v2\/types\/post"}],"author":[{"embeddable":true,"href":"https:\/\/sinpes.org.br\/site\/wp-json\/wp\/v2\/users\/2"}],"replies":[{"embeddable":true,"href":"https:\/\/sinpes.org.br\/site\/wp-json\/wp\/v2\/comments?post=1768"}],"version-history":[{"count":1,"href":"https:\/\/sinpes.org.br\/site\/wp-json\/wp\/v2\/posts\/1768\/revisions"}],"predecessor-version":[{"id":1769,"href":"https:\/\/sinpes.org.br\/site\/wp-json\/wp\/v2\/posts\/1768\/revisions\/1769"}],"wp:attachment":[{"href":"https:\/\/sinpes.org.br\/site\/wp-json\/wp\/v2\/media?parent=1768"}],"wp:term":[{"taxonomy":"category","embeddable":true,"href":"https:\/\/sinpes.org.br\/site\/wp-json\/wp\/v2\/categories?post=1768"},{"taxonomy":"post_tag","embeddable":true,"href":"https:\/\/sinpes.org.br\/site\/wp-json\/wp\/v2\/tags?post=1768"}],"curies":[{"name":"wp","href":"https:\/\/api.w.org\/{rel}","templated":true}]}}