{"id":1761,"date":"2018-06-14T14:51:24","date_gmt":"2018-06-14T17:51:24","guid":{"rendered":"http:\/\/sinpes.org.br\/site\/?p=1761"},"modified":"2018-06-14T14:51:24","modified_gmt":"2018-06-14T17:51:24","slug":"ministro-do-supremo-tribunal-federal-utiliza-texto-doutrinario-publicado-no-didata-como-subsidio-para-voto-sobre-a-contribuicao-sindical","status":"publish","type":"post","link":"https:\/\/sinpes.org.br\/site\/ministro-do-supremo-tribunal-federal-utiliza-texto-doutrinario-publicado-no-didata-como-subsidio-para-voto-sobre-a-contribuicao-sindical\/","title":{"rendered":"Ministro do Supremo Tribunal Federal Utiliza Texto Doutrin\u00e1rio Publicado no Didata como Subs\u00eddio para Voto Sobre a Contribui\u00e7\u00e3o Sindical"},"content":{"rendered":"<p style=\"text-align: justify;\"><a href=\"http:\/\/sinpes.org.br\/site\/wp-content\/uploads\/2018\/06\/foto-Fachin.png\"><img loading=\"lazy\" decoding=\"async\" class=\"foto alignleft wp-image-1763 size-medium\" src=\"http:\/\/sinpes.org.br\/site\/wp-content\/uploads\/2018\/06\/foto-Fachin-300x206.png\" alt=\"\" width=\"300\" height=\"206\" srcset=\"https:\/\/sinpes.org.br\/site\/wp-content\/uploads\/2018\/06\/foto-Fachin-300x206.png 300w, https:\/\/sinpes.org.br\/site\/wp-content\/uploads\/2018\/06\/foto-Fachin-768x527.png 768w, https:\/\/sinpes.org.br\/site\/wp-content\/uploads\/2018\/06\/foto-Fachin.png 870w\" sizes=\"auto, (max-width: 300px) 100vw, 300px\" \/><\/a>O Ministro Luiz Edson Fachin proferiu despacho na A\u00e7\u00e3o Direta de Inconstitucionalidade proposta por confedera\u00e7\u00f5es de trabalhadores e centrais sindicais utilizando como subs\u00eddio texto doutrin\u00e1rio publicado no Livro \u201cReforma Trabalhista Ponto a Ponto, organizado pelos professores Jos\u00e9 Affonso Dallegrave Neto e Ernani Kajota cuja vers\u00e3o resumida veiculada no Jornal Didata 41, que circulou no segundo semestre de 2017.<\/p>\n<p style=\"text-align: justify;\">A tese que sensibilizou o magistrado foi no sentido da inconstitucionalidade da norma legal que estabeleceu o car\u00e1ter facultativo do pagamento da contribui\u00e7\u00e3o sindical sem alterar fundamentos constitucionais do direito sindical brasileiro incompat\u00edveis com essa medida.<\/p>\n<p style=\"text-align: justify;\">Ecoou no Supremo Tribunal Federal o ponto de vista de que somente seria poss\u00edvel eliminar o car\u00e1ter compuls\u00f3rio dessa contribui\u00e7\u00e3o se a unicidade sindical fosse substitu\u00edda pela pluralidade sindical. Na medida em que n\u00e3o houve altera\u00e7\u00e3o no preceito constitucional que exige que o sindicato \u00fanico no \u00e2mbito da categoria profissional represente e defenda os interesses tanto dos associados quanto dos n\u00e3o associados (inciso III do artigo 8\u00ba), por suposto que todos os beneficiados devem ser instados a contribuir com o sindicato sob pena de enriquecimento sem causa dos que \u201coptam\u201d por n\u00e3o contribuir.<\/p>\n<p style=\"text-align: justify;\">Sob esse enfoque para que a contribui\u00e7\u00e3o sindical se tornasse facultativa sem ferir o arcabou\u00e7o constitucional vigente, seria necess\u00e1rio alterar o artigo 8\u00ba da Constitui\u00e7\u00e3o Federal substituindo a unicidade pelo pluralismo sindical, em que o sindicato representa e atua apenas e t\u00e3o somente em favor dos seus associados.<\/p>\n<p style=\"text-align: justify;\">Da forma a\u00e7odada como agiu o legislador por ocasi\u00e3o da reforma trabalhista, imposs\u00edvel vislumbrar constitucionalidade na nova norma legal.<\/p>\n<p style=\"text-align: justify;\">Eis o teor do despacho do Ministro Luiz Edson Fachin que endossa a tese sustentada pelo Sinpes:<\/p>\n<p><a href=\"http:\/\/sinpes.org.br\/site\/wp-content\/uploads\/2018\/06\/Fachin.png\"><img loading=\"lazy\" decoding=\"async\" class=\"aligncenter wp-image-1762 size-full\" src=\"http:\/\/sinpes.org.br\/site\/wp-content\/uploads\/2018\/06\/Fachin.png\" alt=\"\" width=\"442\" height=\"509\" srcset=\"https:\/\/sinpes.org.br\/site\/wp-content\/uploads\/2018\/06\/Fachin.png 442w, https:\/\/sinpes.org.br\/site\/wp-content\/uploads\/2018\/06\/Fachin-261x300.png 261w\" sizes=\"auto, (max-width: 442px) 100vw, 442px\" \/><\/a><\/p>\n<p style=\"text-align: justify;\">Apesar do despacho favor\u00e1vel \u00e0 sobreviv\u00eancia do car\u00e1ter compuls\u00f3rio da contribui\u00e7\u00e3o sindical, a situa\u00e7\u00e3o ainda n\u00e3o se encontra resolvida, pois depende de pronunciamento do Supremo Tribunal Federal em sua composi\u00e7\u00e3o plena em princ\u00edpio designada para o dia 28.06.2018.<\/p>\n<p style=\"text-align: justify;\">Aguardemos como votar\u00e3o os demais Ministros sobre o tema.<\/p>\n<!-- AddThis Advanced Settings generic via filter on the_content --><!-- AddThis Share Buttons generic via filter on the_content -->","protected":false},"excerpt":{"rendered":"<p>O Ministro Luiz Edson Fachin proferiu despacho na A\u00e7\u00e3o Direta de Inconstitucionalidade proposta por confedera\u00e7\u00f5es de trabalhadores e centrais sindicais utilizando como subs\u00eddio texto doutrin\u00e1rio publicado no Livro \u201cReforma Trabalhista Ponto a Ponto, organizado pelos professores Jos\u00e9 Affonso Dallegrave Neto e Ernani Kajota cuja vers\u00e3o resumida veiculada no Jornal Didata 41, que circulou no segundo [&hellip;]<!-- AddThis Advanced Settings generic via filter on wp_trim_excerpt --><!-- AddThis Share Buttons generic via filter on wp_trim_excerpt --><\/p>\n","protected":false},"author":2,"featured_media":0,"comment_status":"closed","ping_status":"open","sticky":false,"template":"","format":"standard","meta":{"footnotes":""},"categories":[5],"tags":[266,298,301,300,299],"class_list":["post-1761","post","type-post","status-publish","format-standard","hentry","category-sinpes","tag-contribuicao-sindical","tag-ministro","tag-ministro-luiz-edson-fachin","tag-subsidio-para-voto","tag-supremo-tribunal-federal"],"_links":{"self":[{"href":"https:\/\/sinpes.org.br\/site\/wp-json\/wp\/v2\/posts\/1761","targetHints":{"allow":["GET"]}}],"collection":[{"href":"https:\/\/sinpes.org.br\/site\/wp-json\/wp\/v2\/posts"}],"about":[{"href":"https:\/\/sinpes.org.br\/site\/wp-json\/wp\/v2\/types\/post"}],"author":[{"embeddable":true,"href":"https:\/\/sinpes.org.br\/site\/wp-json\/wp\/v2\/users\/2"}],"replies":[{"embeddable":true,"href":"https:\/\/sinpes.org.br\/site\/wp-json\/wp\/v2\/comments?post=1761"}],"version-history":[{"count":1,"href":"https:\/\/sinpes.org.br\/site\/wp-json\/wp\/v2\/posts\/1761\/revisions"}],"predecessor-version":[{"id":1764,"href":"https:\/\/sinpes.org.br\/site\/wp-json\/wp\/v2\/posts\/1761\/revisions\/1764"}],"wp:attachment":[{"href":"https:\/\/sinpes.org.br\/site\/wp-json\/wp\/v2\/media?parent=1761"}],"wp:term":[{"taxonomy":"category","embeddable":true,"href":"https:\/\/sinpes.org.br\/site\/wp-json\/wp\/v2\/categories?post=1761"},{"taxonomy":"post_tag","embeddable":true,"href":"https:\/\/sinpes.org.br\/site\/wp-json\/wp\/v2\/tags?post=1761"}],"curies":[{"name":"wp","href":"https:\/\/api.w.org\/{rel}","templated":true}]}}