{"id":1739,"date":"2018-05-24T11:33:33","date_gmt":"2018-05-24T14:33:33","guid":{"rendered":"http:\/\/sinpes.org.br\/site\/?p=1739"},"modified":"2018-05-24T11:46:52","modified_gmt":"2018-05-24T14:46:52","slug":"professor-de-engenharia-civil-e-reintegrado-na-puc-pr","status":"publish","type":"post","link":"https:\/\/sinpes.org.br\/site\/professor-de-engenharia-civil-e-reintegrado-na-puc-pr\/","title":{"rendered":"Professor de Engenharia Civil \u00e9 Reintegrado na PUC\/PR"},"content":{"rendered":"<p style=\"text-align: justify;\"><a href=\"http:\/\/sinpes.org.br\/site\/wp-content\/uploads\/2018\/05\/d1ff63e6-9358-4ccd-b998-5a68d49396a0.jpg\"><img loading=\"lazy\" decoding=\"async\" class=\"foto alignleft wp-image-1741 size-medium\" src=\"http:\/\/sinpes.org.br\/site\/wp-content\/uploads\/2018\/05\/d1ff63e6-9358-4ccd-b998-5a68d49396a0-169x300.jpg\" alt=\"\" width=\"169\" height=\"300\" srcset=\"https:\/\/sinpes.org.br\/site\/wp-content\/uploads\/2018\/05\/d1ff63e6-9358-4ccd-b998-5a68d49396a0-169x300.jpg 169w, https:\/\/sinpes.org.br\/site\/wp-content\/uploads\/2018\/05\/d1ff63e6-9358-4ccd-b998-5a68d49396a0-576x1024.jpg 576w, https:\/\/sinpes.org.br\/site\/wp-content\/uploads\/2018\/05\/d1ff63e6-9358-4ccd-b998-5a68d49396a0.jpg 585w\" sizes=\"auto, (max-width: 169px) 100vw, 169px\" \/><\/a>O professor Paulo S\u00e9rgio Martins da Silva, popularmente conhecido como TIM, teve seu contrato de trabalho rompido sem justa causa pela PUC\/PR no in\u00edcio do ano letivo de 2005.<\/p>\n<p style=\"text-align: justify;\"><a href=\"http:\/\/sinpes.org.br\/site\/wp-content\/uploads\/2018\/05\/552dc55c-298c-4a9b-82f9-d5ebcecb2d91.jpg\"><img loading=\"lazy\" decoding=\"async\" class=\"foto alignright wp-image-1740 size-medium\" src=\"http:\/\/sinpes.org.br\/site\/wp-content\/uploads\/2018\/05\/552dc55c-298c-4a9b-82f9-d5ebcecb2d91-169x300.jpg\" alt=\"\" width=\"169\" height=\"300\" srcset=\"https:\/\/sinpes.org.br\/site\/wp-content\/uploads\/2018\/05\/552dc55c-298c-4a9b-82f9-d5ebcecb2d91-169x300.jpg 169w, https:\/\/sinpes.org.br\/site\/wp-content\/uploads\/2018\/05\/552dc55c-298c-4a9b-82f9-d5ebcecb2d91-576x1024.jpg 576w, https:\/\/sinpes.org.br\/site\/wp-content\/uploads\/2018\/05\/552dc55c-298c-4a9b-82f9-d5ebcecb2d91.jpg 585w\" sizes=\"auto, (max-width: 169px) 100vw, 169px\" \/><\/a>A Justi\u00e7a do Trabalho reconheceu que a despedida decorreu de ato abusivo, nitidamente discriminat\u00f3rio, praticado em desconformidade com o artigo 93 da Lei 8.213\/91. Da \u00faltima decis\u00e3o nesse sentido proferida pela 7\u00aa Turma do Tribunal Superior do Trabalho j\u00e1 n\u00e3o cabe mais qualquer recurso.<\/p>\n<p style=\"text-align: justify;\">Por ocasi\u00e3o de sua reintegra\u00e7\u00e3o, ocorrida no dia 17 de maio de 2018 o estimado professor, exibindo madeixas brancas que n\u00e3o ostentava por ocasi\u00e3o de sua arbitr\u00e1ria despedida, estava muito feliz pela repara\u00e7\u00e3o da injusti\u00e7a sofrida!<\/p>\n<p style=\"text-align: justify;\">Al\u00e9m da reintegra\u00e7\u00e3o a PUC\/PR dever\u00e1 pagar ao professor a integralidade da remunera\u00e7\u00e3o devida no per\u00edodo compreendido entre a despedida ilegal e a efetiva reintegra\u00e7\u00e3o.<\/p>\n<!-- AddThis Advanced Settings generic via filter on the_content --><!-- AddThis Share Buttons generic via filter on the_content -->","protected":false},"excerpt":{"rendered":"<p>O professor Paulo S\u00e9rgio Martins da Silva, popularmente conhecido como TIM, teve seu contrato de trabalho rompido sem justa causa pela PUC\/PR no in\u00edcio do ano letivo de 2005. A Justi\u00e7a do Trabalho reconheceu que a despedida decorreu de ato abusivo, nitidamente discriminat\u00f3rio, praticado em desconformidade com o artigo 93 da Lei 8.213\/91. Da \u00faltima [&hellip;]<!-- AddThis Advanced Settings generic via filter on wp_trim_excerpt --><!-- AddThis Share Buttons generic via filter on wp_trim_excerpt --><\/p>\n","protected":false},"author":2,"featured_media":0,"comment_status":"closed","ping_status":"open","sticky":false,"template":"","format":"standard","meta":{"footnotes":""},"categories":[18,2],"tags":[294,257,295],"class_list":["post-1739","post","type-post","status-publish","format-standard","hentry","category-destaque","category-puc","tag-paulo-sergio-martins-da-silva","tag-puc-pr","tag-reintegrado"],"_links":{"self":[{"href":"https:\/\/sinpes.org.br\/site\/wp-json\/wp\/v2\/posts\/1739","targetHints":{"allow":["GET"]}}],"collection":[{"href":"https:\/\/sinpes.org.br\/site\/wp-json\/wp\/v2\/posts"}],"about":[{"href":"https:\/\/sinpes.org.br\/site\/wp-json\/wp\/v2\/types\/post"}],"author":[{"embeddable":true,"href":"https:\/\/sinpes.org.br\/site\/wp-json\/wp\/v2\/users\/2"}],"replies":[{"embeddable":true,"href":"https:\/\/sinpes.org.br\/site\/wp-json\/wp\/v2\/comments?post=1739"}],"version-history":[{"count":1,"href":"https:\/\/sinpes.org.br\/site\/wp-json\/wp\/v2\/posts\/1739\/revisions"}],"predecessor-version":[{"id":1742,"href":"https:\/\/sinpes.org.br\/site\/wp-json\/wp\/v2\/posts\/1739\/revisions\/1742"}],"wp:attachment":[{"href":"https:\/\/sinpes.org.br\/site\/wp-json\/wp\/v2\/media?parent=1739"}],"wp:term":[{"taxonomy":"category","embeddable":true,"href":"https:\/\/sinpes.org.br\/site\/wp-json\/wp\/v2\/categories?post=1739"},{"taxonomy":"post_tag","embeddable":true,"href":"https:\/\/sinpes.org.br\/site\/wp-json\/wp\/v2\/tags?post=1739"}],"curies":[{"name":"wp","href":"https:\/\/api.w.org\/{rel}","templated":true}]}}