{"id":1735,"date":"2018-05-24T11:28:13","date_gmt":"2018-05-24T14:28:13","guid":{"rendered":"http:\/\/sinpes.org.br\/site\/?p=1735"},"modified":"2018-05-24T11:28:13","modified_gmt":"2018-05-24T14:28:13","slug":"avancam-as-tratativas-para-o-pagamento-dos-salarios-em-atraso-da-facel","status":"publish","type":"post","link":"https:\/\/sinpes.org.br\/site\/avancam-as-tratativas-para-o-pagamento-dos-salarios-em-atraso-da-facel\/","title":{"rendered":"Avan\u00e7am as Tratativas para o Pagamento dos Sal\u00e1rios em Atraso da Facel"},"content":{"rendered":"<p style=\"text-align: justify;\">Os Professores da Faculdade de Administra\u00e7\u00e3o, Ci\u00eancias, Educa\u00e7\u00e3o e Letras \u2013 Facel ainda se encontram com seus sal\u00e1rios em atraso.<br \/>\n\u200b<br \/>\n\u200b\u200b\u200b<a href=\"http:\/\/sinpes.org.br\/site\/wp-content\/uploads\/2018\/05\/ee3d46df-8efd-497f-b44b-291b004c756b.jpg\"><img loading=\"lazy\" decoding=\"async\" class=\"foto alignleft wp-image-1736 size-medium\" src=\"http:\/\/sinpes.org.br\/site\/wp-content\/uploads\/2018\/05\/ee3d46df-8efd-497f-b44b-291b004c756b-300x225.jpg\" alt=\"\" width=\"300\" height=\"225\" srcset=\"https:\/\/sinpes.org.br\/site\/wp-content\/uploads\/2018\/05\/ee3d46df-8efd-497f-b44b-291b004c756b-300x225.jpg 300w, https:\/\/sinpes.org.br\/site\/wp-content\/uploads\/2018\/05\/ee3d46df-8efd-497f-b44b-291b004c756b-768x576.jpg 768w, https:\/\/sinpes.org.br\/site\/wp-content\/uploads\/2018\/05\/ee3d46df-8efd-497f-b44b-291b004c756b.jpg 1024w\" sizes=\"auto, (max-width: 300px) 100vw, 300px\" \/><\/a>Em julho de 2017, o Sinpes e a FACEL realizaram acordo judicial nos autos de n\u00ba 48858.2014.013.9.00.6, que tinha como objeto o pagamento dos sal\u00e1rios atrasados no per\u00edodo compreendido entre 2015 e julho de 2017. Tal acordo tem sido cumprido mediante o recebimento de verbas advindas do FIES.<\/p>\n<p style=\"text-align: justify;\">\u200b\u200b\u200bEsse acordo prev\u00ea o pagamento dos sal\u00e1rios devidos at\u00e9 metade do m\u00eas de julho de 2017. Na ocasi\u00e3o a empregadora responsabilizou-se pelo pagamento em dia dos sal\u00e1rios dos meses subsequentes, o que infelizmente n\u00e3o ocorreu.<\/p>\n<p style=\"text-align: justify;\">Esse inadimplemento \u00e9 objeto de nova a\u00e7\u00e3o judicial proposta pelo SINPES com pedido de liminar para tutela antecipada j\u00e1 deferido, em tr\u00e2mite perante a 11\u00aa Vara do Trabalho de Curitiba.<\/p>\n<p style=\"text-align: justify;\">A liminar deferida foi no sentido do pagamento dos sal\u00e1rios dos meses de julho, agosto e setembro em car\u00e1ter de urg\u00eancia.<\/p>\n<p style=\"text-align: justify;\">Em face do \u00eaxito processual obtido pelo Sinpes, as partes est\u00e3o negociando a possibilidade de ser realizado um acordo que defina percentual para o recebimento das mensalidades escolares em uma conta aberta especialmente para esse recebimento, controlada pelos interessados, destinada mensalmente para o pagamento dos sal\u00e1rios que v\u00e3o se vencendo e, em caso de sobra, os sal\u00e1rios dos meses anteriores.<\/p>\n<p style=\"text-align: justify;\">A criativa experi\u00eancia j\u00e1 foi bem-sucedida por ocasi\u00e3o de atrasos cr\u00f4nicos de sal\u00e1rios nas Faculdades Esp\u00edrita. A f\u00f3rmula adotada tem como consequ\u00eancia incentivar a mobiliza\u00e7\u00e3o de toda a comunidade acad\u00eamica. Colocar em dia os sal\u00e1rios dos professores e dos auxiliares de administra\u00e7\u00e3o escolar transforma-se em uma tarefa conjunta que depende do empenho de acad\u00eamicos, professores, empregados n\u00e3o docentes e dirigentes da empregadora, o que representa verdadeiro est\u00edmulo para todos.<\/p>\n<p style=\"text-align: justify;\">O Sinpes manter\u00e1 todos informados sobre o andamento das tratativas de negocia\u00e7\u00e3o e convocar\u00e1 a assembleia geral da categoria em breve para discutir sobre a minuta provis\u00f3ria de acordo pass\u00edvel de ser entabulado.<\/p>\n<!-- AddThis Advanced Settings generic via filter on the_content --><!-- AddThis Share Buttons generic via filter on the_content -->","protected":false},"excerpt":{"rendered":"<p>Os Professores da Faculdade de Administra\u00e7\u00e3o, Ci\u00eancias, Educa\u00e7\u00e3o e Letras \u2013 Facel ainda se encontram com seus sal\u00e1rios em atraso. \u200b \u200b\u200b\u200bEm julho de 2017, o Sinpes e a FACEL realizaram acordo judicial nos autos de n\u00ba 48858.2014.013.9.00.6, que tinha como objeto o pagamento dos sal\u00e1rios atrasados no per\u00edodo compreendido entre 2015 e julho de [&hellip;]<!-- AddThis Advanced Settings generic via filter on wp_trim_excerpt --><!-- AddThis Share Buttons generic via filter on wp_trim_excerpt --><\/p>\n","protected":false},"author":2,"featured_media":0,"comment_status":"closed","ping_status":"open","sticky":false,"template":"","format":"standard","meta":{"footnotes":""},"categories":[56],"tags":[57,293],"class_list":["post-1735","post","type-post","status-publish","format-standard","hentry","category-facel","tag-facel","tag-pagamento-dos-salarios"],"_links":{"self":[{"href":"https:\/\/sinpes.org.br\/site\/wp-json\/wp\/v2\/posts\/1735","targetHints":{"allow":["GET"]}}],"collection":[{"href":"https:\/\/sinpes.org.br\/site\/wp-json\/wp\/v2\/posts"}],"about":[{"href":"https:\/\/sinpes.org.br\/site\/wp-json\/wp\/v2\/types\/post"}],"author":[{"embeddable":true,"href":"https:\/\/sinpes.org.br\/site\/wp-json\/wp\/v2\/users\/2"}],"replies":[{"embeddable":true,"href":"https:\/\/sinpes.org.br\/site\/wp-json\/wp\/v2\/comments?post=1735"}],"version-history":[{"count":1,"href":"https:\/\/sinpes.org.br\/site\/wp-json\/wp\/v2\/posts\/1735\/revisions"}],"predecessor-version":[{"id":1737,"href":"https:\/\/sinpes.org.br\/site\/wp-json\/wp\/v2\/posts\/1735\/revisions\/1737"}],"wp:attachment":[{"href":"https:\/\/sinpes.org.br\/site\/wp-json\/wp\/v2\/media?parent=1735"}],"wp:term":[{"taxonomy":"category","embeddable":true,"href":"https:\/\/sinpes.org.br\/site\/wp-json\/wp\/v2\/categories?post=1735"},{"taxonomy":"post_tag","embeddable":true,"href":"https:\/\/sinpes.org.br\/site\/wp-json\/wp\/v2\/tags?post=1735"}],"curies":[{"name":"wp","href":"https:\/\/api.w.org\/{rel}","templated":true}]}}