{"id":1716,"date":"2018-05-07T17:50:06","date_gmt":"2018-05-07T20:50:06","guid":{"rendered":"http:\/\/sinpes.org.br\/site\/?p=1716"},"modified":"2018-05-07T17:50:06","modified_gmt":"2018-05-07T20:50:06","slug":"maio-lilas-conquiste-direitos-com-uniao-e-participacao","status":"publish","type":"post","link":"https:\/\/sinpes.org.br\/site\/maio-lilas-conquiste-direitos-com-uniao-e-participacao\/","title":{"rendered":"Maio Lil\u00e1s &#8211; Conquiste Direitos com Uni\u00e3o e Participa\u00e7\u00e3o"},"content":{"rendered":"<p style=\"text-align: justify;\">A Coordenadoria Nacional de Promo\u00e7\u00e3o da Liberdade Sindical (CONALIS) do Minist\u00e9rio P\u00fablico do Trabalho divulga neste m\u00eas de maio a campanha \u201cMaio Lil\u00e1s\u201d. O objetivo \u00e9 conscientizar a sociedade da import\u00e2ncia da uni\u00e3o e participa\u00e7\u00e3o pac\u00edfica dos trabalhadores e trabalhadoras em atos coletivos para defesa de seus direitos, como forma de exerc\u00edcio da liberdade de uni\u00e3o e express\u00e3o constitucionalmente garantidos, nos incisos IV, IX, XVI, XVII, XVIII do art. 5\u00ba, e da liberdade sindical, no art. 8\u00ba caput, todos da Constitui\u00e7\u00e3o da Rep\u00fablica de 1988.<!--more--><\/p>\n<p style=\"text-align: justify;\"><a href=\"http:\/\/sinpes.org.br\/site\/wp-content\/uploads\/2018\/05\/maio-lilas.jpeg\"><img loading=\"lazy\" decoding=\"async\" class=\"alignleft wp-image-1718\" src=\"http:\/\/sinpes.org.br\/site\/wp-content\/uploads\/2018\/05\/maio-lilas.jpeg\" alt=\"\" width=\"450\" height=\"451\" srcset=\"https:\/\/sinpes.org.br\/site\/wp-content\/uploads\/2018\/05\/maio-lilas.jpeg 698w, https:\/\/sinpes.org.br\/site\/wp-content\/uploads\/2018\/05\/maio-lilas-150x150.jpeg 150w, https:\/\/sinpes.org.br\/site\/wp-content\/uploads\/2018\/05\/maio-lilas-300x300.jpeg 300w\" sizes=\"auto, (max-width: 450px) 100vw, 450px\" \/><\/a>A cor lil\u00e1s \u00e9 uma homenagem \u00e0s 129 mulheres trabalhadoras, que foram trancadas e queimadas vivas em um inc\u00eandio criminoso numa f\u00e1brica de tecidos, em Nova Iorque (EUA), em 8 de mar\u00e7o de 1857, por reivindicarem um sal\u00e1rio justo e redu\u00e7\u00e3o da jornada de trabalho. No momento do inc\u00eandio, era confeccionado um tecido de cor lil\u00e1s.<\/p>\n<p style=\"text-align: justify;\">Que esse primeiro de maio seja um novo divisor de \u00e1guas nessa luta intermin\u00e1vel contra os opressores de hoje e de amanh\u00e3, de sorte que o massacre de Nova Yorque n\u00e3o tenha sido em v\u00e3o!!!<\/p>\n<!-- AddThis Advanced Settings generic via filter on the_content --><!-- AddThis Share Buttons generic via filter on the_content -->","protected":false},"excerpt":{"rendered":"<p>A Coordenadoria Nacional de Promo\u00e7\u00e3o da Liberdade Sindical (CONALIS) do Minist\u00e9rio P\u00fablico do Trabalho divulga neste m\u00eas de maio a campanha \u201cMaio Lil\u00e1s\u201d. O objetivo \u00e9 conscientizar a sociedade da import\u00e2ncia da uni\u00e3o e participa\u00e7\u00e3o pac\u00edfica dos trabalhadores e trabalhadoras em atos coletivos para defesa de seus direitos, como forma de exerc\u00edcio da liberdade de [&hellip;]<!-- AddThis Advanced Settings generic via filter on wp_trim_excerpt --><!-- AddThis Share Buttons generic via filter on wp_trim_excerpt --><\/p>\n","protected":false},"author":2,"featured_media":1717,"comment_status":"closed","ping_status":"open","sticky":false,"template":"","format":"standard","meta":{"footnotes":""},"categories":[13,5],"tags":[289,286,288,287],"class_list":["post-1716","post","type-post","status-publish","format-standard","has-post-thumbnail","hentry","category-home","category-sinpes","tag-conalis","tag-maio-lilas","tag-participacao","tag-uniao"],"_links":{"self":[{"href":"https:\/\/sinpes.org.br\/site\/wp-json\/wp\/v2\/posts\/1716","targetHints":{"allow":["GET"]}}],"collection":[{"href":"https:\/\/sinpes.org.br\/site\/wp-json\/wp\/v2\/posts"}],"about":[{"href":"https:\/\/sinpes.org.br\/site\/wp-json\/wp\/v2\/types\/post"}],"author":[{"embeddable":true,"href":"https:\/\/sinpes.org.br\/site\/wp-json\/wp\/v2\/users\/2"}],"replies":[{"embeddable":true,"href":"https:\/\/sinpes.org.br\/site\/wp-json\/wp\/v2\/comments?post=1716"}],"version-history":[{"count":1,"href":"https:\/\/sinpes.org.br\/site\/wp-json\/wp\/v2\/posts\/1716\/revisions"}],"predecessor-version":[{"id":1719,"href":"https:\/\/sinpes.org.br\/site\/wp-json\/wp\/v2\/posts\/1716\/revisions\/1719"}],"wp:featuredmedia":[{"embeddable":true,"href":"https:\/\/sinpes.org.br\/site\/wp-json\/wp\/v2\/media\/1717"}],"wp:attachment":[{"href":"https:\/\/sinpes.org.br\/site\/wp-json\/wp\/v2\/media?parent=1716"}],"wp:term":[{"taxonomy":"category","embeddable":true,"href":"https:\/\/sinpes.org.br\/site\/wp-json\/wp\/v2\/categories?post=1716"},{"taxonomy":"post_tag","embeddable":true,"href":"https:\/\/sinpes.org.br\/site\/wp-json\/wp\/v2\/tags?post=1716"}],"curies":[{"name":"wp","href":"https:\/\/api.w.org\/{rel}","templated":true}]}}