{"id":1657,"date":"2018-03-19T20:28:32","date_gmt":"2018-03-19T23:28:32","guid":{"rendered":"http:\/\/sinpes.org.br\/site\/?p=1657"},"modified":"2018-03-19T20:28:32","modified_gmt":"2018-03-19T23:28:32","slug":"principais-retrocessos-contidos-na-minuta-em-construcao-da-puc-pr-2","status":"publish","type":"post","link":"https:\/\/sinpes.org.br\/site\/principais-retrocessos-contidos-na-minuta-em-construcao-da-puc-pr-2\/","title":{"rendered":"Principais Retrocessos Contidos na \u201cMinuta em Constru\u00e7\u00e3o\u201d da PUC\/PR"},"content":{"rendered":"<p style=\"text-align: justify;\">O Sinpes parabeniza o magn\u00edfico Vice-Reitor Vidal Martins por ter revisto a descabida proibi\u00e7\u00e3o, que impedia seus dirigentes de visitar os professores nas suas salas respectivas, em hor\u00e1rios pr\u00e9-estabelecidos de maior afluxo de docentes, para discutir a extens\u00e3o dos efeitos da \u201cminuta em constru\u00e7\u00e3o\u201d de Acordo Coletivo de Trabalho proposto pela PUCPR.<\/p>\n<p style=\"text-align: justify;\">Pede-se que os professores meditem sobre alguns dos principais retrocessos contidos na proposta de acordo, que ser\u00e3o debatidos nas diversas salas dos professores, conforme agenda divulgada em anexo:<\/p>\n<p style=\"text-align: justify;\">&#8211; Fim da garantia de f\u00e9rias condignas dos professores estabelecidas pelo acordo coletivo anterior para al\u00e9m de seu per\u00edodo de vig\u00eancia, integralmente revogado segundo a proposta;<\/p>\n<p style=\"text-align: justify;\">&#8211; T\u00e9rmino da irredutibilidade da Jornada de Trabalho com o estabelecimento do mecanismo da \u201crescis\u00e3o parcial\u201d, eufemismo voltado para legitimar redu\u00e7\u00f5es de carga hor\u00e1ria ao bel prazer do empregador;<\/p>\n<p style=\"text-align: justify;\">&#8211; Limita\u00e7\u00e3o dos quinqu\u00eanios dos professores com mais de 15 anos de trabalho e supress\u00e3o dos tri\u00eanios dos professores titulares;<\/p>\n<p style=\"text-align: justify;\">&#8211; Promo\u00e7\u00f5es condicionadas \u00e0 SUSTENTABILIDADE ECON\u00d4MICO FINANCEIRA e DISPONIBILIDADE OR\u00c7AMENT\u00c1RIA, transferindo os riscos do neg\u00f3cio para os professores;<\/p>\n<p style=\"text-align: justify;\">&#8211; Fim do concurso p\u00fablico para admiss\u00e3o de professores, substitu\u00eddo por pouco explicados \u201cprocessos de atra\u00e7\u00e3o e sele\u00e7\u00e3o\u201d, prop\u00edcios ao compadrio;<\/p>\n<p style=\"text-align: justify;\">&#8211; Cheque em branco ao empregador no que tange \u00e0 avalia\u00e7\u00e3o institucional: estabelece-se a necessidade de obten\u00e7\u00e3o de 140 pontos para implementa\u00e7\u00e3o das progress\u00f5es sem que se definam quais as novas exig\u00eancias estabelecidas para tal:<\/p>\n<p style=\"text-align: justify;\">\u00a0&#8211; Substitui\u00e7\u00e3o da avalia\u00e7\u00e3o anual por avalia\u00e7\u00e3o semestral, o que significa que os 140 pontos devem ser preenchidos em apenas um semestre e n\u00e3o mais em um ano;<\/p>\n<p style=\"text-align: justify;\">&#8211; Ren\u00fancia a importantes direitos e garantias individuais estabelecidos pela Constitui\u00e7\u00e3o Federal e \u00e0 Liberdade de C\u00e1tedra na medida em que se chancela o teor do C\u00f3digo de Conduta e das Metodologias Ativas sem maiores reflex\u00f5es;<\/p>\n<p style=\"text-align: justify;\">\u00a0&#8211; Atribui\u00e7\u00e3o indevida de conte\u00fado negocial ao pol\u00eamico TACH (Termo de Ajuste de Carga Hor\u00e1ria), instrumento concebido pela empregadora para atribuir e n\u00e3o para negociar cargas hor\u00e1rias, utilizado via de regra para disfar\u00e7ar redu\u00e7\u00f5es ilegais de jornada de trabalho;<\/p>\n<p style=\"text-align: justify;\">&#8211; Regulamenta\u00e7\u00e3o de despedida abusiva e discriminat\u00f3ria por idade aos 70 anos, comportamento incompat\u00edvel com uma Universidade cujo Reitor da Pontif\u00edcia Universidade Cat\u00f3lica do Paran\u00e1 conta com pujantes 72 anos;<\/p>\n<p style=\"text-align: justify;\">&#8211; Institui\u00e7\u00e3o de categoria subalterna de professores denominada Professor S\u00eanior, alijada de todos os direitos trabalhistas na medida em que demiss\u00e3o por idade pode vir a ser sucedida pela contrata\u00e7\u00e3o como trabalhador aut\u00f4nomo ou mediante constitui\u00e7\u00e3o de pessoa jur\u00eddica.<\/p>\n<p style=\"text-align: justify;\">Tantos retrocessos vigentes a partir da assinatura do acordo sobre o contrato de cerca de 1.400 professores seriam \u201ccompensados\u201d por \u201cpr\u00eamios por desempenho\u201d a serem pagos mediante bolsas tempor\u00e1rias de 12 meses no valor m\u00e9dio mensal de R$ 1.620,00<a href=\"#_ftn1\" name=\"_ftnref1\">[1]<\/a> e anual de R$ 19.440,00 a partir de agosto de 2.020 mediante crit\u00e9rios at\u00e9 agora n\u00e3o revelados.<\/p>\n<p style=\"text-align: justify;\">Para esse pagamento a PUC disponibiliza cerca de R $ 3.000.000. Dividido esse valor pelo valor m\u00e9dio anual de cada bolsa (R$ 19.440,00), chegam-se a 154 beneficiados, em torno de 11% do corpo docente. <strong>Todos perdem a partir de hoje e apenas 11% ganham a partir de agosto de 2020!<\/strong><\/p>\n<p style=\"text-align: justify;\"><a href=\"#_ftnref1\" name=\"_ftn1\"><strong>[1]<\/strong><\/a><strong> C\u00e1lculos a partir do artigo 31 da minuta: (1.200 X 50) + (2.000 X 30) + (2.800 X 15) =<br \/>\n<\/strong><strong>60.000 + 60.000 + 42000 = 162.000.<br \/>\n<\/strong><strong>162.000 : 100 = 1.620,00 (M\u00e9dia Mensal do Valor das bolsas)<br \/>\n<\/strong><strong>1620 X 12 = 19.440,00 (m\u00e9dia anual do valor das bolsas)<br \/>\n<\/strong><strong>3.000.000 (disponibilizados) : 19.440,00 = 154 PROFESSORES!<\/strong><\/p>\n<p style=\"text-align: justify;\">\n<p style=\"text-align: justify;\">\n<p style=\"text-align: justify;\">\n<p style=\"text-align: justify;\">\n<!-- AddThis Advanced Settings generic via filter on the_content --><!-- AddThis Share Buttons generic via filter on the_content -->","protected":false},"excerpt":{"rendered":"<p>O Sinpes parabeniza o magn\u00edfico Vice-Reitor Vidal Martins por ter revisto a descabida proibi\u00e7\u00e3o, que impedia seus dirigentes de visitar os professores nas suas salas respectivas, em hor\u00e1rios pr\u00e9-estabelecidos de maior afluxo de docentes, para discutir a extens\u00e3o dos efeitos da \u201cminuta em constru\u00e7\u00e3o\u201d de Acordo Coletivo de Trabalho proposto pela PUCPR. Pede-se que os [&hellip;]<!-- AddThis Advanced Settings generic via filter on wp_trim_excerpt --><!-- AddThis Share Buttons generic via filter on wp_trim_excerpt --><\/p>\n","protected":false},"author":2,"featured_media":0,"comment_status":"closed","ping_status":"open","sticky":false,"template":"","format":"standard","meta":{"footnotes":""},"categories":[2],"tags":[275,257,269],"class_list":["post-1657","post","type-post","status-publish","format-standard","hentry","category-puc","tag-minuta-em-construcao","tag-puc-pr","tag-vidal-martins"],"_links":{"self":[{"href":"https:\/\/sinpes.org.br\/site\/wp-json\/wp\/v2\/posts\/1657","targetHints":{"allow":["GET"]}}],"collection":[{"href":"https:\/\/sinpes.org.br\/site\/wp-json\/wp\/v2\/posts"}],"about":[{"href":"https:\/\/sinpes.org.br\/site\/wp-json\/wp\/v2\/types\/post"}],"author":[{"embeddable":true,"href":"https:\/\/sinpes.org.br\/site\/wp-json\/wp\/v2\/users\/2"}],"replies":[{"embeddable":true,"href":"https:\/\/sinpes.org.br\/site\/wp-json\/wp\/v2\/comments?post=1657"}],"version-history":[{"count":2,"href":"https:\/\/sinpes.org.br\/site\/wp-json\/wp\/v2\/posts\/1657\/revisions"}],"predecessor-version":[{"id":1659,"href":"https:\/\/sinpes.org.br\/site\/wp-json\/wp\/v2\/posts\/1657\/revisions\/1659"}],"wp:attachment":[{"href":"https:\/\/sinpes.org.br\/site\/wp-json\/wp\/v2\/media?parent=1657"}],"wp:term":[{"taxonomy":"category","embeddable":true,"href":"https:\/\/sinpes.org.br\/site\/wp-json\/wp\/v2\/categories?post=1657"},{"taxonomy":"post_tag","embeddable":true,"href":"https:\/\/sinpes.org.br\/site\/wp-json\/wp\/v2\/tags?post=1657"}],"curies":[{"name":"wp","href":"https:\/\/api.w.org\/{rel}","templated":true}]}}