{"id":1654,"date":"2018-03-19T20:23:39","date_gmt":"2018-03-19T23:23:39","guid":{"rendered":"http:\/\/sinpes.org.br\/site\/?p=1654"},"modified":"2018-03-21T11:40:13","modified_gmt":"2018-03-21T14:40:13","slug":"veja-e-participe-do-debate-em-tempo-real-pelo-facebook-do-sinpes","status":"publish","type":"post","link":"https:\/\/sinpes.org.br\/site\/veja-e-participe-do-debate-em-tempo-real-pelo-facebook-do-sinpes\/","title":{"rendered":"Veja e Participe do Debate em Tempo Real pelo Facebook do Sinpes"},"content":{"rendered":"<p style=\"text-align: justify;\">Incentivado pelas palavras do Magn\u00edfico Vice-Reitor da PUCPR, que tem se posicionado, quando dialoga com os professores, de forma favor\u00e1vel ao debate livre, amplo e aberto de sua proposta de Acordo Coletivo de Trabalho democraticamente denominada de \u201cminuta em constru\u00e7\u00e3o\u201d, o Sinpes convocou a Associa\u00e7\u00e3o dos Professores da Universidade e o autor da proposta, Professor Vidal Martins para respeitoso debate de ideias.<!--more--><\/p>\n<p style=\"text-align: justify;\">Como os dirigentes do Sinpes participaram ativamente das negocia\u00e7\u00f5es que precederam os diversos acordos coletivos anteriormente ajustados com a PUCPR, nada melhor como uma conversa olho no olho para que sejam reavivados os diversos compromissos assumidos por ambas as partes no curso dos anos em que a PUCPR e o SINPES resolviam seus problemas atrav\u00e9s de concess\u00f5es rec\u00edprocas.<\/p>\n<p style=\"text-align: justify;\">A demora do Magn\u00edfico Vice-Reitor informar se vai ou n\u00e3o participar do evento revela-se enigm\u00e1tica, vez que incompat\u00edvel com a sua conduta sempre conciliat\u00f3ria e aberta ao di\u00e1logo.<\/p>\n<p style=\"text-align: justify;\">A comunidade acad\u00eamica por for\u00e7a da indefini\u00e7\u00e3o da Reitoria, que quer ouvir a opini\u00e3o de seus professores sobre a conveni\u00eancia do ajuste j\u00e1 na semana que vem, perdeu a oportunidade de promover o debate no Campus do Prado Velho, onde a presen\u00e7a de alunos e professores seria estimulada.<\/p>\n<p style=\"text-align: justify;\">A possibilidade de se contraporem democraticamente posi\u00e7\u00f5es divergentes com transmiss\u00e3o em tempo real pelo Facebook do Sinpes permite que professores e alunos interessados na quest\u00e3o agucem seu senso cr\u00edtico sobre o tema.<\/p>\n<p style=\"text-align: justify;\">O Sinpes e a Associa\u00e7\u00e3o dos Professores da Pontif\u00edcia Universidade Cat\u00f3lica j\u00e1 confirmaram presen\u00e7a, indicando como representantes os Professores Valdyr Perrini e Ezia Maria Conradi. Essa \u00faltima optou por participar na qualidade de ouvinte e de questionadora no evento, n\u00e3o como debatedora propriamente dita.<\/p>\n<p style=\"text-align: justify;\">O debate realizar-se-\u00e1 no Hotel Roochelle na Rua Tibagi 307, a partir das 16h00min no dia 21.03.2018 e ser\u00e1 transmitido por tempo real pelo Face Book do Sinpes, com possibilidade dos ouvintes fazerem perguntas e pedir esclarecimentos aos presentes.<\/p>\n<p style=\"text-align: justify;\"><strong>CRONOGRAMA DAS ATIVIDADES DO SINPES VOLTADAS PARA CONSCIENTIZAR OS PROFESSORES ACERCA DA EXTENS\u00c3O DOS EFEITOS DO ACORDO COLETIVO DE TRABALHO PROPOSTO PELA PUCPR<\/strong><\/p>\n<p style=\"text-align: justify;\"><strong>19.03 = 9h20min \u2013 Sala dos Professores do Bloco Azul (prejudicado pois ainda n\u00e3o t\u00ednhamos ci\u00eancia do levantamento da proibi\u00e7\u00e3o)<\/strong><\/p>\n<p style=\"text-align: justify;\"><strong>19.03 = 18h30min \u2013 Sala dos Professores do Bloco Azul<\/strong><\/p>\n<p style=\"text-align: justify;\"><strong>20.03 = 9h20min \u2013 Sala dos Professores do Bloco Amarelo<\/strong><\/p>\n<p style=\"text-align: justify;\"><strong>20.03 = 18h30min \u2013 Sala dos Professores do Bloco Amarelo<\/strong><\/p>\n<p style=\"text-align: justify;\"><strong>21.03 = 9h20min \u2013 Sala dos Professores do Bloco Laranja<\/strong><\/p>\n<p style=\"text-align: justify;\"><strong><u>21.03 \u2013 DEBATE SINPES\/APC\/APPUC = 16h00min \u2013 HOTEL ROOCHELLE COM O PRESIDENTE DO SINPES VALDYR PERRINI, \u00c9ZIA MARIA CONRADI, DIRIGENTE DA APPUC QUE PARTICIPAR\u00c1 NA QUALIDADE DE OUVINTE E DE LEVANTADORA DE QUEST\u00d5ES E VIDAL MARTINS, VICE-REITOR DA PUCPR, CUJO COMPARECIMENTO AINDA N\u00c3O FOI CONFIRMADO. DETALHES DE COMO ACOMPANHAR EM TEMPO REAL PELO FACEBOOK NO VERSO.<\/u><\/strong><\/p>\n<p style=\"text-align: justify;\"><strong>21.03 \u2013 18h30min \u2013 Sala dos Professores do Laranja<\/strong><\/p>\n<p style=\"text-align: justify;\"><strong>22.03 \u2013 9h20min \u2013 Sala dos Professores de Educa\u00e7\u00e3o F\u00edsica<\/strong><\/p>\n<p style=\"text-align: justify;\"><strong>22.03 \u2013 18h30min \u2013 Sala dos Professores de Educa\u00e7\u00e3o F\u00edsica<\/strong><\/p>\n<p style=\"text-align: justify;\"><strong>22.03 = 20h30min Sala dos Professores do Bloco Vermelho<\/strong><\/p>\n<p style=\"text-align: justify;\"><strong>23.03 = 9h20min \u2013 Sala dos Professores do Bloco Verde<\/strong><\/p>\n<p style=\"text-align: justify;\"><strong>23.03 = 15h20min \u2013 Sala dos Professores do Bloco Verde<\/strong><\/p>\n<!-- AddThis Advanced Settings generic via filter on the_content --><!-- AddThis Share Buttons generic via filter on the_content -->","protected":false},"excerpt":{"rendered":"<p>Incentivado pelas palavras do Magn\u00edfico Vice-Reitor da PUCPR, que tem se posicionado, quando dialoga com os professores, de forma favor\u00e1vel ao debate livre, amplo e aberto de sua proposta de Acordo Coletivo de Trabalho democraticamente denominada de \u201cminuta em constru\u00e7\u00e3o\u201d, o Sinpes convocou a Associa\u00e7\u00e3o dos Professores da Universidade e o autor da proposta, Professor [&hellip;]<!-- AddThis Advanced Settings generic via filter on wp_trim_excerpt --><!-- AddThis Share Buttons generic via filter on wp_trim_excerpt --><\/p>\n","protected":false},"author":2,"featured_media":1655,"comment_status":"closed","ping_status":"open","sticky":false,"template":"","format":"standard","meta":{"footnotes":""},"categories":[13,5],"tags":[279,278,62,280],"class_list":["post-1654","post","type-post","status-publish","format-standard","has-post-thumbnail","hentry","category-home","category-sinpes","tag-debate-ao-vivo","tag-facebook","tag-sinpes","tag-tempo-real"],"_links":{"self":[{"href":"https:\/\/sinpes.org.br\/site\/wp-json\/wp\/v2\/posts\/1654","targetHints":{"allow":["GET"]}}],"collection":[{"href":"https:\/\/sinpes.org.br\/site\/wp-json\/wp\/v2\/posts"}],"about":[{"href":"https:\/\/sinpes.org.br\/site\/wp-json\/wp\/v2\/types\/post"}],"author":[{"embeddable":true,"href":"https:\/\/sinpes.org.br\/site\/wp-json\/wp\/v2\/users\/2"}],"replies":[{"embeddable":true,"href":"https:\/\/sinpes.org.br\/site\/wp-json\/wp\/v2\/comments?post=1654"}],"version-history":[{"count":2,"href":"https:\/\/sinpes.org.br\/site\/wp-json\/wp\/v2\/posts\/1654\/revisions"}],"predecessor-version":[{"id":1662,"href":"https:\/\/sinpes.org.br\/site\/wp-json\/wp\/v2\/posts\/1654\/revisions\/1662"}],"wp:featuredmedia":[{"embeddable":true,"href":"https:\/\/sinpes.org.br\/site\/wp-json\/wp\/v2\/media\/1655"}],"wp:attachment":[{"href":"https:\/\/sinpes.org.br\/site\/wp-json\/wp\/v2\/media?parent=1654"}],"wp:term":[{"taxonomy":"category","embeddable":true,"href":"https:\/\/sinpes.org.br\/site\/wp-json\/wp\/v2\/categories?post=1654"},{"taxonomy":"post_tag","embeddable":true,"href":"https:\/\/sinpes.org.br\/site\/wp-json\/wp\/v2\/tags?post=1654"}],"curies":[{"name":"wp","href":"https:\/\/api.w.org\/{rel}","templated":true}]}}