{"id":1646,"date":"2018-03-16T23:02:17","date_gmt":"2018-03-17T02:02:17","guid":{"rendered":"http:\/\/sinpes.org.br\/site\/?p=1646"},"modified":"2018-03-16T23:02:17","modified_gmt":"2018-03-17T02:02:17","slug":"a-forca-do-argumento-contra-o-argumento-da-forca","status":"publish","type":"post","link":"https:\/\/sinpes.org.br\/site\/a-forca-do-argumento-contra-o-argumento-da-forca\/","title":{"rendered":"A For\u00e7a do Argumento Contra o Argumento da For\u00e7a"},"content":{"rendered":"<p style=\"text-align: justify;\">Ao inv\u00e9s de confirmar a presen\u00e7a do Magn\u00edfico Vice-Reitor para o debate convocado pelo Sinpes, que ser\u00e1 transmitido em tempo real pela Internet a todos os interessados a partir de 16h00min de quarta-feira, dia 21.03.2018, at\u00e9 agora a PUCPR ignorou olimpicamente o convite.<\/p>\n<p style=\"text-align: justify;\">Pior&#8230; Proibiu os dirigentes do Sinpes de frequentarem as salas de professores do Campus do Prado Velho para debater a \u201cminuta em constru\u00e7\u00e3o\u201d do acordo coletivo de trabalho proposto. Como compensa\u00e7\u00e3o \u201cpermitiu\u201d que os dirigentes do Sinpes permanecessem confinados em uma sala erma no primeiro andar do \u201cBloco da Vida\u201d por dois dias!<\/p>\n<p style=\"text-align: justify;\">Desconsiderando a sistem\u00e1tica adotada pelo sindicato para discuss\u00e3o dos temas submetidos \u00e0 negocia\u00e7\u00e3o coletiva em Acordos Coletivos anteriores e consequentemente o princ\u00edpio constitucional da autonomia sindical, a PUC ironicamente justificou esse ato antissindical \u201cpautada em regras de boa conviv\u00eancia e respeito\u201d!<\/p>\n<p style=\"text-align: justify;\">Dado o clima de inseguran\u00e7a em que vivem os docentes da PUCPR ap\u00f3s sucessivas despedidas coletivas seguidas de demiss\u00f5es ocorridas recentemente de forma incomum no in\u00edcio do semestre letivo, o constrangimento imposto na pr\u00e1tica teve como objetivo evidente impossibilitar a intera\u00e7\u00e3o do sindicato com os professores. A simples ida \u00e0 sala designada certamente j\u00e1 seria motivo de repres\u00e1lias por parte da empregadora.<\/p>\n<p style=\"text-align: justify;\">Frustrou-se, assim o debate e a possibilidade dos professores examinarem criticamente a proposta. A prevalecer essa postura da Universidade fica n\u00edtida sua inten\u00e7\u00e3o de celebrar acordo coletivo de trabalho na marra, numa tentativa de fazer omelete sem quebrar os ovos!<\/p>\n<p style=\"text-align: justify;\">O Sinpes formulou pedido de reconsidera\u00e7\u00e3o \u00e0s autoridades universit\u00e1rias, a fim de que seja tolerado o livre e respeitoso debate de ideias entre os professores e sua entidade de classe nos locais de maior afluxo dos docentes.<\/p>\n<p style=\"text-align: justify;\">Afortunadamente o aviso da inusitada proibi\u00e7\u00e3o chegou depois da primeira produtiva reuni\u00e3o realizada pelos dirigentes do Sinpes na sala dos professores do Bloco Vermelho. Na ocasi\u00e3o foram historiadas as diversas negocia\u00e7\u00f5es coletivas j\u00e1 realizadas com a PUCPR e foi feito levantamento objetivo e conclusivo das diversas perdas que a categoria amargaria se aprovasse o acordo na forma como est\u00e1 proposto.<\/p>\n<p style=\"text-align: justify;\">Alguns desses retrocessos t\u00eam sido objeto de inser\u00e7\u00f5es feitas pelo Sinpes no seu site, no <em>face book<\/em> e atrav\u00e9s de panfletos distribu\u00eddos no campus universit\u00e1rios, bem como ser\u00e3o aprofundados pelo representante do Sinpes no debate da pr\u00f3xima quarta-feira.<\/p>\n<p>&nbsp;<\/p>\n<!-- AddThis Advanced Settings generic via filter on the_content --><!-- AddThis Share Buttons generic via filter on the_content -->","protected":false},"excerpt":{"rendered":"<p>Ao inv\u00e9s de confirmar a presen\u00e7a do Magn\u00edfico Vice-Reitor para o debate convocado pelo Sinpes, que ser\u00e1 transmitido em tempo real pela Internet a todos os interessados a partir de 16h00min de quarta-feira, dia 21.03.2018, at\u00e9 agora a PUCPR ignorou olimpicamente o convite. Pior&#8230; Proibiu os dirigentes do Sinpes de frequentarem as salas de professores [&hellip;]<!-- AddThis Advanced Settings generic via filter on wp_trim_excerpt --><!-- AddThis Share Buttons generic via filter on wp_trim_excerpt --><\/p>\n","protected":false},"author":2,"featured_media":0,"comment_status":"closed","ping_status":"open","sticky":false,"template":"","format":"standard","meta":{"footnotes":""},"categories":[2],"tags":[277,276],"class_list":["post-1646","post","type-post","status-publish","format-standard","hentry","category-puc","tag-argumento-da-forca","tag-forca-do-argumento"],"_links":{"self":[{"href":"https:\/\/sinpes.org.br\/site\/wp-json\/wp\/v2\/posts\/1646","targetHints":{"allow":["GET"]}}],"collection":[{"href":"https:\/\/sinpes.org.br\/site\/wp-json\/wp\/v2\/posts"}],"about":[{"href":"https:\/\/sinpes.org.br\/site\/wp-json\/wp\/v2\/types\/post"}],"author":[{"embeddable":true,"href":"https:\/\/sinpes.org.br\/site\/wp-json\/wp\/v2\/users\/2"}],"replies":[{"embeddable":true,"href":"https:\/\/sinpes.org.br\/site\/wp-json\/wp\/v2\/comments?post=1646"}],"version-history":[{"count":1,"href":"https:\/\/sinpes.org.br\/site\/wp-json\/wp\/v2\/posts\/1646\/revisions"}],"predecessor-version":[{"id":1647,"href":"https:\/\/sinpes.org.br\/site\/wp-json\/wp\/v2\/posts\/1646\/revisions\/1647"}],"wp:attachment":[{"href":"https:\/\/sinpes.org.br\/site\/wp-json\/wp\/v2\/media?parent=1646"}],"wp:term":[{"taxonomy":"category","embeddable":true,"href":"https:\/\/sinpes.org.br\/site\/wp-json\/wp\/v2\/categories?post=1646"},{"taxonomy":"post_tag","embeddable":true,"href":"https:\/\/sinpes.org.br\/site\/wp-json\/wp\/v2\/tags?post=1646"}],"curies":[{"name":"wp","href":"https:\/\/api.w.org\/{rel}","templated":true}]}}