{"id":1587,"date":"2018-03-05T11:13:45","date_gmt":"2018-03-05T14:13:45","guid":{"rendered":"http:\/\/sinpes.org.br\/site\/?p=1587"},"modified":"2018-03-05T11:13:45","modified_gmt":"2018-03-05T14:13:45","slug":"professores-do-ensino-superior-em-luto","status":"publish","type":"post","link":"https:\/\/sinpes.org.br\/site\/professores-do-ensino-superior-em-luto\/","title":{"rendered":"Professores do Ensino Superior em Luto"},"content":{"rendered":"<p style=\"text-align: justify;\">O Sinpes lamenta profundamente o falecimento de seu associado Professor Manoel Jos\u00e9 Lacerda de Carneiro, que lecionou disciplinas de Direito Civil na Pontif\u00edcia Universidade Cat\u00f3lica do Paran\u00e1.<\/p>\n<p style=\"text-align: justify;\">Manoel Carneiro foi admitido na d\u00e9cada de 80 pela ent\u00e3o Universidade Cat\u00f3lica do Paran\u00e1, ap\u00f3s aprova\u00e7\u00e3o em um concorrido concurso p\u00fablico.<!--more--><\/p>\n<p style=\"text-align: justify;\">Foi o \u00faltimo Diretor do Curso de Direito escolhido por sufr\u00e1gio parit\u00e1rio com a participa\u00e7\u00e3o de alunos e professores. Integrou lista tr\u00edplice encaminhada pela comunidade acad\u00eamica ao ent\u00e3o Reitor Euro Brand\u00e3o, que o nomeou.<\/p>\n<p style=\"text-align: justify;\">Sua gest\u00e3o caracterizou-se pela defesa intransigente da liberdade de c\u00e1tedra, que prezava como ningu\u00e9m. Sempre que recebia not\u00edcia de irregularidade supostamente praticada por professor, apurava-a com rigorosa observ\u00e2ncia aos princ\u00edpios do Contradit\u00f3rio e da Ampla Defesa.<\/p>\n<p style=\"text-align: justify;\">Professor vocacionado, gostava de acompanhar suas turmas do primeiro ao quinto ano. Nos anos que antecederam sua aposentadoria mostrava-se inconformado com a gama de tarefas burocr\u00e1ticas e com os formalismos est\u00e9reis que passaram a fazer parte do cotidiano dos professores do ensino superior, que dissipavam os verdadeiros objetivos da C\u00e1tedra.<\/p>\n<p style=\"text-align: justify;\">Mestre exigente, enfrentou j\u00e1 no primeiro ano de sua carreira movimento de alunos que se insurgiam contra seus m\u00e9todos de ensino e de avalia\u00e7\u00e3o e se recusavam a assistir suas aulas.<\/p>\n<p style=\"text-align: justify;\">Prestigiado pelos dirigentes do Curso de Direito da \u00e9poca, acompanhou os disc\u00edpulos insatisfeitos pelos cinco anos de gradua\u00e7\u00e3o e figurou como Paraninfo na solenidade de formatura, sinal inequ\u00edvoco do reconhecimento do seu trabalho e dos seus esfor\u00e7os voltados para o aprendizado dos acad\u00eamicos.<\/p>\n<!-- AddThis Advanced Settings generic via filter on the_content --><!-- AddThis Share Buttons generic via filter on the_content -->","protected":false},"excerpt":{"rendered":"<p>O Sinpes lamenta profundamente o falecimento de seu associado Professor Manoel Jos\u00e9 Lacerda de Carneiro, que lecionou disciplinas de Direito Civil na Pontif\u00edcia Universidade Cat\u00f3lica do Paran\u00e1. Manoel Carneiro foi admitido na d\u00e9cada de 80 pela ent\u00e3o Universidade Cat\u00f3lica do Paran\u00e1, ap\u00f3s aprova\u00e7\u00e3o em um concorrido concurso p\u00fablico.<!-- AddThis Advanced Settings generic via filter on wp_trim_excerpt --><!-- AddThis Share Buttons generic via filter on wp_trim_excerpt --><\/p>\n","protected":false},"author":2,"featured_media":1588,"comment_status":"closed","ping_status":"open","sticky":false,"template":"","format":"standard","meta":{"footnotes":""},"categories":[13],"tags":[263,264],"class_list":["post-1587","post","type-post","status-publish","format-standard","has-post-thumbnail","hentry","category-home","tag-luto","tag-professor-manoel-jose-lacerda-de-carneiro"],"_links":{"self":[{"href":"https:\/\/sinpes.org.br\/site\/wp-json\/wp\/v2\/posts\/1587","targetHints":{"allow":["GET"]}}],"collection":[{"href":"https:\/\/sinpes.org.br\/site\/wp-json\/wp\/v2\/posts"}],"about":[{"href":"https:\/\/sinpes.org.br\/site\/wp-json\/wp\/v2\/types\/post"}],"author":[{"embeddable":true,"href":"https:\/\/sinpes.org.br\/site\/wp-json\/wp\/v2\/users\/2"}],"replies":[{"embeddable":true,"href":"https:\/\/sinpes.org.br\/site\/wp-json\/wp\/v2\/comments?post=1587"}],"version-history":[{"count":1,"href":"https:\/\/sinpes.org.br\/site\/wp-json\/wp\/v2\/posts\/1587\/revisions"}],"predecessor-version":[{"id":1589,"href":"https:\/\/sinpes.org.br\/site\/wp-json\/wp\/v2\/posts\/1587\/revisions\/1589"}],"wp:featuredmedia":[{"embeddable":true,"href":"https:\/\/sinpes.org.br\/site\/wp-json\/wp\/v2\/media\/1588"}],"wp:attachment":[{"href":"https:\/\/sinpes.org.br\/site\/wp-json\/wp\/v2\/media?parent=1587"}],"wp:term":[{"taxonomy":"category","embeddable":true,"href":"https:\/\/sinpes.org.br\/site\/wp-json\/wp\/v2\/categories?post=1587"},{"taxonomy":"post_tag","embeddable":true,"href":"https:\/\/sinpes.org.br\/site\/wp-json\/wp\/v2\/tags?post=1587"}],"curies":[{"name":"wp","href":"https:\/\/api.w.org\/{rel}","templated":true}]}}